{"id":893,"date":"2022-03-13T11:06:18","date_gmt":"2022-03-13T14:06:18","guid":{"rendered":"https:\/\/vitrinedafama.com.br\/?p=893"},"modified":"2022-03-13T11:06:21","modified_gmt":"2022-03-13T14:06:21","slug":"leo-dayo-surpreende-com-sua-musica-lancada-pela-band-fm-brasil","status":"publish","type":"post","link":"https:\/\/vitrinedafama.com.br\/index.php\/2022\/03\/13\/leo-dayo-surpreende-com-sua-musica-lancada-pela-band-fm-brasil\/","title":{"rendered":"L\u00e9o Day\u00f3 surpreende com sua m\u00fasica lan\u00e7ada pela Band FM Brasil"},"content":{"rendered":"\n<p class=\"wp-block-paragraph\">H\u00e1 mais de 18 anos na \u00e1rea musical como cantor, compositor e violonista, essa longa estrada forticaram os ombros e trouxeram essa personalidade a L\u00e9o Day\u00f3. Ele abrange diversos g\u00eaneros e diz: &#8220;Muitos dizem que n\u00e3o me situei, mas pelo contr\u00e1rio sou de v\u00e1rios estlos musicais n\u00e3o por n\u00e3o ter me encontrado, mas sim porque a m\u00fasica \u00e9 a minha paix\u00e3o. Sem barreiras, sem fronteiras e procurando sempre me desaiar como cantor, assim consigo abranger todos os tpos e estlos, sempre procurando algo novo e singular. E assim, quebrando paradigmas e tra\u00e7ando novas rotas posso sucumbir no trajeto ou ser o &#8220;pioneiro&#8221; sendo assim, eu sou a &#8220;M\u00daSICA&#8221;. <\/p>\n\n\n\n<p class=\"wp-block-paragraph\">E sua paix\u00e3o pelo rom\u00e2ntco o inspirou a diversas composi\u00e7\u00f5es e a cria\u00e7\u00e3o de um EP \u00fanico que promete (em breve) e encanta, assim como o izeram encher os olhos de produtores e programas de TV de sua regi\u00e3o. Sua assessoria diz: &#8220;N\u00e3o foi difcil coloc\u00e1-lo a prova, pois sua calmaria e imenso talento facilitam todo o processo. Podemos dizer que ele \u00e9 como a \u00e1gua, se adapta a diversos g\u00eaneros sem se desprender a sua personalidade, como o ar, tr\u00e1s serenidade com sua voz suave que em poucas palavras aquecem como o fogo, em suas letras apaixonantes.&#8221;  <\/p>\n\n\n\n<p class=\"wp-block-paragraph\">Com o canal do Youtube e sua rede social favorita, o Instagram, ele garante um conte\u00fado atualizado e com muita m\u00fasica boa. Mesmo ingressado recentemente na rede, j\u00e1 garante admiradores de seu trabalho. Guarulhense, al\u00e9m de mostrar talento a sua cidade, L\u00e9o Day\u00f3 segue em uma trilha de muito brilho e expans\u00e3o com a agenda de shows aberta para 2019, assim como, esta aberto a parcerias e partcipa\u00e7\u00f5es em seus clipes, bastando entrar em contato no e-mail: leodayocantor@gmail.com ou no direct em seu Instagram @leodayooicial. Atenciosamente!<\/p>\n","protected":false},"excerpt":{"rendered":"<p>H\u00e1 mais de 18 anos na \u00e1rea musical como cantor, compositor e violonista, essa longa estrada forticaram os ombros e trouxeram essa personalidade a [&hellip;]<\/p>\n","protected":false},"author":1,"featured_media":0,"comment_status":"open","ping_status":"open","sticky":false,"template":"","format":"standard","meta":{"footnotes":""},"categories":[6],"tags":[],"class_list":["post-893","post","type-post","status-publish","format-standard","hentry","category-musica"],"_links":{"self":[{"href":"https:\/\/vitrinedafama.com.br\/index.php\/wp-json\/wp\/v2\/posts\/893","targetHints":{"allow":["GET"]}}],"collection":[{"href":"https:\/\/vitrinedafama.com.br\/index.php\/wp-json\/wp\/v2\/posts"}],"about":[{"href":"https:\/\/vitrinedafama.com.br\/index.php\/wp-json\/wp\/v2\/types\/post"}],"author":[{"embeddable":true,"href":"https:\/\/vitrinedafama.com.br\/index.php\/wp-json\/wp\/v2\/users\/1"}],"replies":[{"embeddable":true,"href":"https:\/\/vitrinedafama.com.br\/index.php\/wp-json\/wp\/v2\/comments?post=893"}],"version-history":[{"count":1,"href":"https:\/\/vitrinedafama.com.br\/index.php\/wp-json\/wp\/v2\/posts\/893\/revisions"}],"predecessor-version":[{"id":895,"href":"https:\/\/vitrinedafama.com.br\/index.php\/wp-json\/wp\/v2\/posts\/893\/revisions\/895"}],"wp:attachment":[{"href":"https:\/\/vitrinedafama.com.br\/index.php\/wp-json\/wp\/v2\/media?parent=893"}],"wp:term":[{"taxonomy":"category","embeddable":true,"href":"https:\/\/vitrinedafama.com.br\/index.php\/wp-json\/wp\/v2\/categories?post=893"},{"taxonomy":"post_tag","embeddable":true,"href":"https:\/\/vitrinedafama.com.br\/index.php\/wp-json\/wp\/v2\/tags?post=893"}],"curies":[{"name":"wp","href":"https:\/\/api.w.org\/{rel}","templated":true}]}}