{"id":730,"date":"2022-02-14T09:22:32","date_gmt":"2022-02-14T12:22:32","guid":{"rendered":"https:\/\/vitrinedafama.com.br\/?p=730"},"modified":"2022-02-14T09:22:34","modified_gmt":"2022-02-14T12:22:34","slug":"popo-ganhou-1-milhao-de-seguidores-em-apos-luta-com-whindersson-nunes","status":"publish","type":"post","link":"https:\/\/vitrinedafama.com.br\/index.php\/2022\/02\/14\/popo-ganhou-1-milhao-de-seguidores-em-apos-luta-com-whindersson-nunes\/","title":{"rendered":"Pop\u00f3 ganhou 1 milh\u00e3o de seguidores em ap\u00f3s luta com Whindersson Nunes"},"content":{"rendered":"\n<p class=\"wp-block-paragraph\">Acelino Pop\u00f3 Freitas\u00a0esteve no\u00a0Altas Horas\u00a0deste fim de semana e abriu o jogo ao falar sobre a repercuss\u00e3o que foi sua luta com\u00a0Whindersson Nunes. Durante o bate-papo, o ex-atleta revelou que, ap\u00f3s pedido do humorista, ganhou 1 milh\u00e3o de seguidores em segundos. Um dia antes do combate, tinha pouco mais de 800 mil. <\/p>\n\n\n\n<p class=\"wp-block-paragraph\">Atualmente, o lutador passa dos 3 milh\u00f5es: \u201cEu tinha que trazer o p\u00fablico para mim, dividir, porque meu p\u00fablico foi de 1999 a 2007, o dele \u00e9 atual. Eu tinha que dividir essas torcidas. O cara tem um p\u00fablico fenomenal, ele falou assim: \u2018Pessoal, vamos seguir o Pop\u00f3\u2019, e em 10 segundos tinha 1 milh\u00e3o de pessoas me seguindo. Era muita gente! Foi uma festa muito bonita e bacana\u201c, completou. <\/p>\n\n\n\n<p class=\"wp-block-paragraph\">No \u00faltimo dia 30, Whindersson Nunes encarou um desafio inusitado: o comediante encarou uma luta corpo a corpo com ningu\u00e9m menos que Acelino Pop\u00f3, no evento Fight Music Show em Balne\u00e1rio Cambori\u00fa (SC). Em dinheiro, o confronto entre as estrelas arrecadou milh\u00f5es. Segundo estimativa feita pela revista Exame, o evento de ontem arrecadou nada menos que R$ 25 milh\u00f5es. A luta contou com v\u00e1rias estrelas na plateia, desde Tirullipa, amigo pessoal de Whindersson Nunes, at\u00e9 Wesley Safad\u00e3o, que fez o show de abertura.<\/p>\n","protected":false},"excerpt":{"rendered":"<p>Acelino Pop\u00f3 Freitas\u00a0esteve no\u00a0Altas Horas\u00a0deste fim de semana e abriu o jogo ao falar sobre a repercuss\u00e3o que foi sua luta com\u00a0Whindersson Nunes. Durante [&hellip;]<\/p>\n","protected":false},"author":1,"featured_media":0,"comment_status":"open","ping_status":"open","sticky":false,"template":"","format":"standard","meta":{"footnotes":""},"categories":[5],"tags":[],"class_list":["post-730","post","type-post","status-publish","format-standard","hentry","category-evento"],"_links":{"self":[{"href":"https:\/\/vitrinedafama.com.br\/index.php\/wp-json\/wp\/v2\/posts\/730","targetHints":{"allow":["GET"]}}],"collection":[{"href":"https:\/\/vitrinedafama.com.br\/index.php\/wp-json\/wp\/v2\/posts"}],"about":[{"href":"https:\/\/vitrinedafama.com.br\/index.php\/wp-json\/wp\/v2\/types\/post"}],"author":[{"embeddable":true,"href":"https:\/\/vitrinedafama.com.br\/index.php\/wp-json\/wp\/v2\/users\/1"}],"replies":[{"embeddable":true,"href":"https:\/\/vitrinedafama.com.br\/index.php\/wp-json\/wp\/v2\/comments?post=730"}],"version-history":[{"count":1,"href":"https:\/\/vitrinedafama.com.br\/index.php\/wp-json\/wp\/v2\/posts\/730\/revisions"}],"predecessor-version":[{"id":732,"href":"https:\/\/vitrinedafama.com.br\/index.php\/wp-json\/wp\/v2\/posts\/730\/revisions\/732"}],"wp:attachment":[{"href":"https:\/\/vitrinedafama.com.br\/index.php\/wp-json\/wp\/v2\/media?parent=730"}],"wp:term":[{"taxonomy":"category","embeddable":true,"href":"https:\/\/vitrinedafama.com.br\/index.php\/wp-json\/wp\/v2\/categories?post=730"},{"taxonomy":"post_tag","embeddable":true,"href":"https:\/\/vitrinedafama.com.br\/index.php\/wp-json\/wp\/v2\/tags?post=730"}],"curies":[{"name":"wp","href":"https:\/\/api.w.org\/{rel}","templated":true}]}}