{"id":6305,"date":"2026-09-04T18:30:06","date_gmt":"2026-09-04T21:30:06","guid":{"rendered":"https:\/\/vitrinedafama.com.br\/index.php\/2026\/09\/04\/meira-mattos-revela-primeiros-residenciais-elle-da-america-latina\/"},"modified":"2026-09-04T18:30:06","modified_gmt":"2026-09-04T21:30:06","slug":"meira-mattos-revela-primeiros-residenciais-elle-da-america-latina","status":"publish","type":"post","link":"https:\/\/vitrinedafama.com.br\/index.php\/2026\/09\/04\/meira-mattos-revela-primeiros-residenciais-elle-da-america-latina\/","title":{"rendered":"Meira Mattos revela primeiros residenciais ELLE da Am\u00e9rica Latina"},"content":{"rendered":"<p style=\"font-style:italic;font-size:1.1em;margin-bottom:1em\">Iniciativa re\u00fane 25 resid\u00eancias em dois empreendimentos de alto padr\u00e3o nos bairros Brooklin Velho e Alto da Boa Vista, em S\u00e3o Paulo<\/p>\n<p>Depois de apresentar a parceria em uma noite na Pinacoteca de S\u00e3o Paulo, a Meira Mattos Incorporadora apresenta os detalhes dos dois primeiros empreendimentos residenciais da ELLE International na Am\u00e9rica Latina: Casa ELLE e ELLE Collection S\u00e3o Paulo.<\/p>\n<p>No Brooklin Velho, o Casa ELLE ter\u00e1 11 casas de aproximadamente 480 m\u00b2, com cinco su\u00edtes e rooftop com piscina. O projeto combina refer\u00eancias do modernismo brasileiro com a est\u00e9tica contempor\u00e2nea da ELLE International.<\/p>\n<p>J\u00e1 no Alto da Boa Vista, o ELLE Collection S\u00e3o Paulo ter\u00e1 14 resid\u00eancias. A proposta valoriza a arquitetura e o paisagismo, com aten\u00e7\u00e3o \u00e0 privacidade e \u00e0 rela\u00e7\u00e3o dos im\u00f3veis com a vegeta\u00e7\u00e3o do entorno.<\/p>\n<p>Ao todo, os dois projetos re\u00fanem apenas 25 resid\u00eancias em S\u00e3o Paulo.<\/p>\n<p>A parceria aproxima o mercado imobili\u00e1rio brasileiro da trajet\u00f3ria da ELLE International, que h\u00e1 mais de oito d\u00e9cadas atua nos segmentos de moda, design e cultura, e da proposta da Meira Mattos de desenvolver projetos que v\u00e3o al\u00e9m da arquitetura e incorporam elementos como arte, design, hospitalidade e experi\u00eancia.<\/p>\n<p>\u00c9 uma combina\u00e7\u00e3o que resume o posicionamento da incorporadora: Nada comum.<\/p>\n<\/p>\n<p><img loading=\"lazy\" decoding=\"async\" src=\"https:\/\/us-central1-pulsebrand-plataforma.cloudfunctions.net\/trackPixel?c=c5df3eb4-7dee-4c18-b957-e022cadfafc3&amp;v=23465c95-18b5-4d00-851c-c0f2224e4581&amp;p=881a33ed-2087-45c5-80f1-767341edd15c\" width=\"1\" height=\"1\" alt=\"\" style=\"display:none\" \/><\/p>\n","protected":false},"excerpt":{"rendered":"<p>Iniciativa re\u00fane 25 resid\u00eancias em dois empreendimentos de alto padr\u00e3o nos bairros Brooklin Velho e Alto da Boa Vista, em S\u00e3o Paulo<\/p>\n","protected":false},"author":3647118390,"featured_media":6304,"comment_status":"","ping_status":"","sticky":false,"template":"","format":"standard","meta":{"footnotes":""},"categories":[3],"tags":[],"class_list":["post-6305","post","type-post","status-publish","format-standard","has-post-thumbnail","hentry","category-geral"],"_links":{"self":[{"href":"https:\/\/vitrinedafama.com.br\/index.php\/wp-json\/wp\/v2\/posts\/6305","targetHints":{"allow":["GET"]}}],"collection":[{"href":"https:\/\/vitrinedafama.com.br\/index.php\/wp-json\/wp\/v2\/posts"}],"about":[{"href":"https:\/\/vitrinedafama.com.br\/index.php\/wp-json\/wp\/v2\/types\/post"}],"author":[{"embeddable":true,"href":"https:\/\/vitrinedafama.com.br\/index.php\/wp-json\/wp\/v2\/users\/3647118390"}],"replies":[{"embeddable":true,"href":"https:\/\/vitrinedafama.com.br\/index.php\/wp-json\/wp\/v2\/comments?post=6305"}],"version-history":[{"count":0,"href":"https:\/\/vitrinedafama.com.br\/index.php\/wp-json\/wp\/v2\/posts\/6305\/revisions"}],"wp:featuredmedia":[{"embeddable":true,"href":"https:\/\/vitrinedafama.com.br\/index.php\/wp-json\/wp\/v2\/media\/6304"}],"wp:attachment":[{"href":"https:\/\/vitrinedafama.com.br\/index.php\/wp-json\/wp\/v2\/media?parent=6305"}],"wp:term":[{"taxonomy":"category","embeddable":true,"href":"https:\/\/vitrinedafama.com.br\/index.php\/wp-json\/wp\/v2\/categories?post=6305"},{"taxonomy":"post_tag","embeddable":true,"href":"https:\/\/vitrinedafama.com.br\/index.php\/wp-json\/wp\/v2\/tags?post=6305"}],"curies":[{"name":"wp","href":"https:\/\/api.w.org\/{rel}","templated":true}]}}