{"id":6299,"date":"2026-09-04T17:46:45","date_gmt":"2026-09-04T20:46:45","guid":{"rendered":"https:\/\/vitrinedafama.com.br\/index.php\/2026\/09\/04\/cannabis-medicinal-ganha-espaco-no-cuidado-integrativo-da-dor-cronica\/"},"modified":"2026-09-04T17:46:45","modified_gmt":"2026-09-04T20:46:45","slug":"cannabis-medicinal-ganha-espaco-no-cuidado-integrativo-da-dor-cronica","status":"publish","type":"post","link":"https:\/\/vitrinedafama.com.br\/index.php\/2026\/09\/04\/cannabis-medicinal-ganha-espaco-no-cuidado-integrativo-da-dor-cronica\/","title":{"rendered":"Cannabis medicinal ganha espa\u00e7o no cuidado integrativo da dor cr\u00f4nica"},"content":{"rendered":"<p style=\"font-style:italic;font-size:1.1em;margin-bottom:1em\">Especialista em dor destaca a import\u00e2ncia de identificar o mecanismo predominante da dor e construir estrat\u00e9gias individualizadas para pacientes com fibromialgia e dor neurop\u00e1tica<\/p>\n<p>A busca por estrat\u00e9gias mais individualizadas para o tratamento da dor cr\u00f4nica tem ampliado o espa\u00e7o de abordagens integrativas na medicina. Nesse cen\u00e1rio, a cannabis medicinal pode representar uma ferramenta terap\u00eautica relevante para determinados pacientes, especialmente em casos de fibromialgia e dor neurop\u00e1tica, quando indicada de forma criteriosa e integrada a outras estrat\u00e9gias de cuidado.<\/p>\n<p>De acordo com a m\u00e9dica fisiatra e especialista em dor <strong>Dra. Grasiele Correa de Mello<\/strong>, a atua\u00e7\u00e3o dos canabinoides est\u00e1 relacionada ao sistema endocanabinoide, que participa da regula\u00e7\u00e3o de mecanismos associados \u00e0 dor, ao sono, ao humor, \u00e0 resposta ao estresse e a processos inflamat\u00f3rios. A modula\u00e7\u00e3o dessas vias pode contribuir para reduzir a intensidade da dor e melhorar sintomas frequentemente associados aos quadros cr\u00f4nicos, como ins\u00f4nia, ansiedade, fadiga e dificuldade de recupera\u00e7\u00e3o.<\/p>\n<p><strong>Antes de tratar a dor, \u00e9 preciso compreender seu mecanismo<\/strong><\/p>\n<p>Um dos pontos fundamentais de uma abordagem personalizada \u00e9 reconhecer que a dor cr\u00f4nica n\u00e3o se manifesta da mesma maneira em todos os pacientes.<\/p>\n<p>Na dor neurop\u00e1tica, por exemplo, altera\u00e7\u00f5es ou les\u00f5es nos nervos podem provocar sensa\u00e7\u00f5es caracter\u00edsticas, como queima\u00e7\u00e3o, choques, formigamento e hipersensibilidade. J\u00e1 na fibromialgia, \u00e9 comum a presen\u00e7a de <strong>sensibiliza\u00e7\u00e3o central<\/strong>, processo em que o sistema nervoso passa a processar determinados est\u00edmulos de maneira amplificada, fazendo com que sensa\u00e7\u00f5es normalmente toler\u00e1veis sejam percebidas como dolorosas.<\/p>\n<p>A identifica\u00e7\u00e3o desse mecanismo \u00e9 importante para direcionar uma abordagem mais assertiva e definir aspectos do tratamento de maneira individualizada, incluindo formula\u00e7\u00e3o, dose e ritmo de ajuste.<\/p>\n<p><strong>Cannabis medicinal dentro de uma estrat\u00e9gia integrada<\/strong><\/p>\n<p>Apesar do crescente interesse pelo uso medicinal dos canabinoides, a proposta apresentada pela especialista n\u00e3o \u00e9 enxergar a cannabis como uma solu\u00e7\u00e3o isolada. Dentro dos princ\u00edpios da medicina integrativa, o medicamento pode fazer parte de um protocolo mais amplo, associado a outras estrat\u00e9gias terap\u00eauticas de acordo com as necessidades de cada paciente.<\/p>\n<p>Esse cuidado pode envolver <strong>atividade f\u00edsica espec\u00edfica, higiene do sono, psicoterapia, t\u00e9cnicas neuromodulat\u00f3rias e outras pr\u00e1ticas voltadas \u00e0 regula\u00e7\u00e3o do sistema nervoso<\/strong>. Quando indicada clinicamente, a abordagem tamb\u00e9m pode incluir suplementa\u00e7\u00e3o para apoiar aspectos relacionados ao equil\u00edbrio de nutrientes, produ\u00e7\u00e3o de energia, fun\u00e7\u00e3o neuromuscular e resposta ao estresse.<\/p>\n<p>A avalia\u00e7\u00e3o individual tamb\u00e9m pode considerar fatores qu\u00edmicos, el\u00e9tricos, metab\u00f3licos e hormonais que eventualmente estejam relacionados \u00e0 manuten\u00e7\u00e3o da dor.<\/p>\n<p><strong>O objetivo vai al\u00e9m de simplesmente diminuir a dor<\/strong><\/p>\n<p>Outro aspecto importante no acompanhamento da dor cr\u00f4nica \u00e9 compreender que a evolu\u00e7\u00e3o cl\u00ednica n\u00e3o deve ser medida apenas pela intensidade da dor.<\/p>\n<p>A resposta \u00e0 cannabis medicinal pode variar de pessoa para pessoa. Por isso, o acompanhamento regular deve observar tamb\u00e9m indicadores como <strong>qualidade do sono, disposi\u00e7\u00e3o, mobilidade, humor e capacidade de realizar atividades cotidianas<\/strong>.<\/p>\n<p>Em muitos casos, o objetivo terap\u00eautico mais relevante n\u00e3o \u00e9 necessariamente eliminar completamente a dor, mas reduzir sua interfer\u00eancia na vida do paciente e ampliar sua funcionalidade.<\/p>\n<p>Essa perspectiva coloca a qualidade de vida, a autonomia e a individualidade de cada pessoa no centro do tratamento.<\/p>\n<p><strong>Um olhar personalizado para condi\u00e7\u00f5es complexas<\/strong><\/p>\n<p>Quando bem indicada, monitorada e associada a outras medidas terap\u00eauticas, a cannabis medicinal pode contribuir para uma abordagem mais ampla da fibromialgia e da dor neurop\u00e1tica.<\/p>\n<p>Para a Dra. Grasiele Correa de Mello, o diagn\u00f3stico preciso do mecanismo da dor e a constru\u00e7\u00e3o de um plano terap\u00eautico personalizado s\u00e3o fundamentais para aumentar as possibilidades de benef\u00edcio e promover um cuidado mais seguro, completo e centrado nas necessidades de cada paciente.<\/p>\n<p><a rel=\"nofollow\" target=\"_blank\" href=\"https:\/\/www.instagram.com\/dra.grasielemello?igsi=MTI0YjB4ZGU0cGZlaQ==\"><strong>Dra. Grasiele Correa de Mello<\/strong><\/a> \u00e9 m\u00e9dica fisiatra, especialista em dor, mestra em Sa\u00fade e Desenvolvimento Humano, atual presidente da Sociedade Ga\u00facha de Medicina F\u00edsica e Reabilita\u00e7\u00e3o e palestrante. CRM-RS 36695 | RQE 31938.<\/p>\n<p><img loading=\"lazy\" decoding=\"async\" src=\"https:\/\/us-central1-pulsebrand-plataforma.cloudfunctions.net\/trackPixel?c=89e5ad87-49dc-4b53-a4ce-ef5bd15c7b29&amp;v=3e2cb359-5d02-4618-ab4b-06aa2379fb20&amp;p=881a33ed-2087-45c5-80f1-767341edd15c\" width=\"1\" height=\"1\" alt=\"\" style=\"display:none\" \/><\/p>\n","protected":false},"excerpt":{"rendered":"<p>Especialista em dor destaca a import\u00e2ncia de identificar o mecanismo predominante da dor e construir estrat\u00e9gias individualizadas para pacientes com fibromialgia e dor neurop\u00e1tica<\/p>\n","protected":false},"author":3647118390,"featured_media":6298,"comment_status":"","ping_status":"","sticky":false,"template":"","format":"standard","meta":{"footnotes":""},"categories":[3],"tags":[],"class_list":["post-6299","post","type-post","status-publish","format-standard","has-post-thumbnail","hentry","category-geral"],"_links":{"self":[{"href":"https:\/\/vitrinedafama.com.br\/index.php\/wp-json\/wp\/v2\/posts\/6299","targetHints":{"allow":["GET"]}}],"collection":[{"href":"https:\/\/vitrinedafama.com.br\/index.php\/wp-json\/wp\/v2\/posts"}],"about":[{"href":"https:\/\/vitrinedafama.com.br\/index.php\/wp-json\/wp\/v2\/types\/post"}],"author":[{"embeddable":true,"href":"https:\/\/vitrinedafama.com.br\/index.php\/wp-json\/wp\/v2\/users\/3647118390"}],"replies":[{"embeddable":true,"href":"https:\/\/vitrinedafama.com.br\/index.php\/wp-json\/wp\/v2\/comments?post=6299"}],"version-history":[{"count":0,"href":"https:\/\/vitrinedafama.com.br\/index.php\/wp-json\/wp\/v2\/posts\/6299\/revisions"}],"wp:featuredmedia":[{"embeddable":true,"href":"https:\/\/vitrinedafama.com.br\/index.php\/wp-json\/wp\/v2\/media\/6298"}],"wp:attachment":[{"href":"https:\/\/vitrinedafama.com.br\/index.php\/wp-json\/wp\/v2\/media?parent=6299"}],"wp:term":[{"taxonomy":"category","embeddable":true,"href":"https:\/\/vitrinedafama.com.br\/index.php\/wp-json\/wp\/v2\/categories?post=6299"},{"taxonomy":"post_tag","embeddable":true,"href":"https:\/\/vitrinedafama.com.br\/index.php\/wp-json\/wp\/v2\/tags?post=6299"}],"curies":[{"name":"wp","href":"https:\/\/api.w.org\/{rel}","templated":true}]}}