{"id":6297,"date":"2026-09-04T17:17:09","date_gmt":"2026-09-04T20:17:09","guid":{"rendered":"https:\/\/vitrinedafama.com.br\/index.php\/2026\/09\/04\/o-ano-em-que-o-brasileiro-passou-a-usar-o-proprio-carro-para-se-desendividar\/"},"modified":"2026-09-04T17:17:09","modified_gmt":"2026-09-04T20:17:09","slug":"o-ano-em-que-o-brasileiro-passou-a-usar-o-proprio-carro-para-se-desendividar","status":"publish","type":"post","link":"https:\/\/vitrinedafama.com.br\/index.php\/2026\/09\/04\/o-ano-em-que-o-brasileiro-passou-a-usar-o-proprio-carro-para-se-desendividar\/","title":{"rendered":"O ano em que o brasileiro passou a usar o pr\u00f3prio carro para se desendividar"},"content":{"rendered":"<p style=\"font-style:italic;font-size:1.1em;margin-bottom:1em\">As opera\u00e7\u00f5es de cr\u00e9dito com garantia de ve\u00edculo cresceram 17,83% no primeiro semestre de 2026, enquanto o endividamento das fam\u00edlias encadeava o sexto recorde consecutivo. As duas curvas descrevem o mesmo fen\u00f4meno visto de lados opostos<\/p>\n<p>As<a rel=\"nofollow\" target=\"_blank\" href=\"https:\/\/nexuscredi.com.br\/emprestimo-com-veiculo-em-garantia\/\"> <u>opera\u00e7\u00f5es de cr\u00e9dito com garantia de ve\u00edculo<\/u><\/a> cresceram 17,83% no primeiro semestre de 2026 na compara\u00e7\u00e3o com o mesmo per\u00edodo de 2025, segundo o \u00cdndice PO27 de Cr\u00e9dito com Garantia Veicular. O avan\u00e7o ocorreu em quatro das cinco regi\u00f5es do pa\u00eds: Centro-Oeste (+32,12%), Sul (+24,17%), Sudeste (+18,03%) e Nordeste (+14,10%). O Norte foi a \u00fanica regi\u00e3o com retra\u00e7\u00e3o, de 2,71%.<\/p>\n<p>No mesmo per\u00edodo, o indicador de endividamento das fam\u00edlias seguiu na dire\u00e7\u00e3o oposta. A PEIC (Pesquisa de Endividamento e Inadimpl\u00eancia do Consumidor), da CNC (Confedera\u00e7\u00e3o Nacional do Com\u00e9rcio), registrou 82% das fam\u00edlias com d\u00edvidas a vencer em julho, sexto recorde seguido da s\u00e9rie iniciada em 2010 e 3,5 pontos percentuais acima de julho de 2025. O percentual de fam\u00edlias com mais da metade da renda comprometida subiu para 19%.<\/p>\n<p>A leitura conjunta das duas curvas \u00e9 o dado relevante para o mercado de cr\u00e9dito. O crescimento do produto com garantia de ve\u00edculo n\u00e3o est\u00e1 sendo puxado apenas pela compra de carros, j\u00e1 que parte relevante das opera\u00e7\u00f5es tem como destino a substitui\u00e7\u00e3o de d\u00edvida cara contratada em linhas sem garantia.<\/p>\n<p>A diferen\u00e7a de pre\u00e7o explica boa parte do movimento. Enquanto a taxa m\u00e9dia do cr\u00e9dito pessoal n\u00e3o consignado oscilou entre 8,4% e 8,6% ao m\u00eas no primeiro semestre, segundo o Banco Central, opera\u00e7\u00f5es com ve\u00edculo quitado em garantia partem de patamares promocionais pr\u00f3ximos de 1,09% ao m\u00eas mais IPCA, podendo chegar a 2,8% ao m\u00eas dependendo do perfil do tomador e das condi\u00e7\u00f5es do bem, segundo levantamento do comparador CalculaFinanciamento em julho de 2026.<\/p>\n<p>A exig\u00eancia central do produto \u00e9 objetiva: o<a rel=\"nofollow\" target=\"_blank\" href=\"https:\/\/nexuscredi.com.br\/emprestimo-com-veiculo-em-garantia\/\"> <u>ve\u00edculo oferecido em garantia<\/u><\/a> precisa ter at\u00e9 17 anos de fabrica\u00e7\u00e3o e documenta\u00e7\u00e3o regular, podendo ainda estar parcialmente financiado, desde que parte do novo cr\u00e9dito seja destinada a quitar o saldo remanescente.<\/p>\n<p>&#8220;Quem procura cr\u00e9dito com garantia de ve\u00edculo hoje n\u00e3o \u00e9 quem n\u00e3o tem alternativa, \u00e9 quem j\u00e1 fez a conta e percebeu que estava pagando caro por um dinheiro que o pr\u00f3prio carro poderia baratear&#8221;, afirma Jo\u00e3o Vir\u00edssimo, diretor da<a rel=\"nofollow\" target=\"_blank\" href=\"https:\/\/nexuscredi.com.br\/\"> <u>Nexus Credi<\/u><\/a>, correspondente banc\u00e1ria de Belo Horizonte especializada em opera\u00e7\u00f5es com garantia de im\u00f3vel e de ve\u00edculo.<\/p>\n<p>Um diferencial frequentemente ignorado na compara\u00e7\u00e3o com o cr\u00e9dito imobili\u00e1rio \u00e9 a agilidade de formaliza\u00e7\u00e3o. Enquanto a garantia de im\u00f3vel depende de avalia\u00e7\u00e3o, verifica\u00e7\u00e3o de matr\u00edcula e registro em cart\u00f3rio (etapas em que custo e prazo variam entre comarcas), a garantia de ve\u00edculo \u00e9 registrada eletronicamente como gravame no SNG (Sistema Nacional de Gravames) vinculado ao Detran, o que tende a reduzir o tempo entre a contrata\u00e7\u00e3o e a libera\u00e7\u00e3o do cr\u00e9dito.<\/p>\n<p>O contraponto \u00e9 o valor m\u00e9dio das opera\u00e7\u00f5es, naturalmente menor do que o de cr\u00e9ditos com garantia de im\u00f3vel, e prazos mais curtos (de 12 a 60 meses, contra at\u00e9 240 meses nas opera\u00e7\u00f5es imobili\u00e1rias). Para d\u00edvidas de valor m\u00e9dio e horizonte de pagamento mais curto, a modalidade tende a fazer mais sentido do que comprometer um im\u00f3vel por mais de uma d\u00e9cada.<\/p>\n<p>O crescimento de 17,83% no primeiro semestre, puxado sobretudo pelo Centro-Oeste e pelo Sul, sugere que a substitui\u00e7\u00e3o de d\u00edvida via garantia de ve\u00edculo deixou de ser instrumento de nicho regional para se espalhar pelo pa\u00eds, acompanhando, na dire\u00e7\u00e3o inversa, a curva de endividamento que a PEIC segue registrando recorde ap\u00f3s recorde.<\/p>\n<p><img loading=\"lazy\" decoding=\"async\" src=\"https:\/\/us-central1-pulsebrand-plataforma.cloudfunctions.net\/trackPixel?c=b8174c62-258f-43c2-abf8-f4fba7b453f2&amp;v=69b818b7-7e18-4d6d-8cba-36281655fba4&amp;p=881a33ed-2087-45c5-80f1-767341edd15c\" width=\"1\" height=\"1\" alt=\"\" style=\"display:none\" \/><\/p>\n","protected":false},"excerpt":{"rendered":"<p>As opera\u00e7\u00f5es de cr\u00e9dito com garantia de ve\u00edculo cresceram 17,83% no primeiro semestre de 2026, enquanto o endividamento das fam\u00edlias encadeava o sexto recorde consecutivo. As duas curvas descrevem o mesmo fen\u00f4meno visto de lados opostos<\/p>\n","protected":false},"author":3647118390,"featured_media":6296,"comment_status":"","ping_status":"","sticky":false,"template":"","format":"standard","meta":{"footnotes":""},"categories":[3],"tags":[],"class_list":["post-6297","post","type-post","status-publish","format-standard","has-post-thumbnail","hentry","category-geral"],"_links":{"self":[{"href":"https:\/\/vitrinedafama.com.br\/index.php\/wp-json\/wp\/v2\/posts\/6297","targetHints":{"allow":["GET"]}}],"collection":[{"href":"https:\/\/vitrinedafama.com.br\/index.php\/wp-json\/wp\/v2\/posts"}],"about":[{"href":"https:\/\/vitrinedafama.com.br\/index.php\/wp-json\/wp\/v2\/types\/post"}],"author":[{"embeddable":true,"href":"https:\/\/vitrinedafama.com.br\/index.php\/wp-json\/wp\/v2\/users\/3647118390"}],"replies":[{"embeddable":true,"href":"https:\/\/vitrinedafama.com.br\/index.php\/wp-json\/wp\/v2\/comments?post=6297"}],"version-history":[{"count":0,"href":"https:\/\/vitrinedafama.com.br\/index.php\/wp-json\/wp\/v2\/posts\/6297\/revisions"}],"wp:featuredmedia":[{"embeddable":true,"href":"https:\/\/vitrinedafama.com.br\/index.php\/wp-json\/wp\/v2\/media\/6296"}],"wp:attachment":[{"href":"https:\/\/vitrinedafama.com.br\/index.php\/wp-json\/wp\/v2\/media?parent=6297"}],"wp:term":[{"taxonomy":"category","embeddable":true,"href":"https:\/\/vitrinedafama.com.br\/index.php\/wp-json\/wp\/v2\/categories?post=6297"},{"taxonomy":"post_tag","embeddable":true,"href":"https:\/\/vitrinedafama.com.br\/index.php\/wp-json\/wp\/v2\/tags?post=6297"}],"curies":[{"name":"wp","href":"https:\/\/api.w.org\/{rel}","templated":true}]}}