{"id":6291,"date":"2026-09-04T15:57:31","date_gmt":"2026-09-04T18:57:31","guid":{"rendered":"https:\/\/vitrinedafama.com.br\/index.php\/2026\/09\/04\/camping-da-fusion-reune-grandes-nomes-do-funk-em-experiencia-com-don-cream\/"},"modified":"2026-09-04T15:57:31","modified_gmt":"2026-09-04T18:57:31","slug":"camping-da-fusion-reune-grandes-nomes-do-funk-em-experiencia-com-don-cream","status":"publish","type":"post","link":"https:\/\/vitrinedafama.com.br\/index.php\/2026\/09\/04\/camping-da-fusion-reune-grandes-nomes-do-funk-em-experiencia-com-don-cream\/","title":{"rendered":"Camping da Fusion re\u00fane grandes nomes do funk em experi\u00eancia com Don Cream"},"content":{"rendered":"<p><span style=\"font-size:15px\" ;=\"\"><span ;=\"\"><i>Evento realizado em 11 de agosto, em S\u00e3o Paulo, contou com presen\u00e7a de artistas, produtores, DJs e teve degusta\u00e7\u00e3o da marca de alco\u00f3licos cremosos, parceira da experi\u00eancia<\/i><\/span><\/span><\/p>\n<p><span style=\"font-size:15px\" ;=\"\">O universo do funk ganhou um encontro especial no dia 11 de agosto, com a realiza\u00e7\u00e3o do Camping da Fusion, experi\u00eancia que reuniu artistas, DJs e nomes de destaque da cena em um ambiente voltado \u00e0 m\u00fasica, \u00e0 conviv\u00eancia e \u00e0 celebra\u00e7\u00e3o da cultura urbana.<\/span><\/p>\n<div><span style=\"font-size: 15px;\"><br \/><\/span><\/div>\n<div>\n<figure class=\"article-media\"><img decoding=\"async\" src=\"https:\/\/painel.cenariomidia.com.br\/uploads\/20260904155544-inline-8934013a.jpg\" alt=\"\" style=\"max-width:100%;height:auto\"><figcaption><\/figcaption><\/figure>\n<p><\/p>\n<p><span style=\"font-size:15px\" ;=\"\">Entre os participantes estiveram MC Menor MR, MC Rhamon, MC Piedro, Kotim, DJ BOY, MC Ryan SP, MC Tuto, Kako, MC Daniel, MC GP, MC Jo\u00e3ozinho VT, DJ WN, MC Dena, MC Dkziin, CJota, Massaru, DU\u2019L, MC Rodolfinho, MC Alysson, MC Vitinho V.A e O\u2019dre, entre outros convidados. A presen\u00e7a de diferentes gera\u00e7\u00f5es e vertentes do funk refor\u00e7ou a proposta do encontro de aproximar artistas e profissionais que movimentam o g\u00eanero atualmente.<\/span><\/div>\n<div><span style=\"font-size: 15px;\"><br \/><\/span><\/div>\n<div>\n<figure class=\"article-media\"><img decoding=\"async\" src=\"https:\/\/painel.cenariomidia.com.br\/uploads\/20260904155601-inline-0a9b619d.jpg\" alt=\"\" style=\"max-width:100%;height:auto\"><figcaption><\/figcaption><\/figure>\n<p><span ;=\"\" style=\"font-size: 15px;\"><span style=\"color:#000000;\"><br \/><\/span><\/span><\/p>\n<p><span ;=\"\" style=\"font-size: 15px;\"><span style=\"color:#000000;\">Um dos destaques da experi\u00eancia foi a participa\u00e7\u00e3o da Don Cream, a marca brasileira de cremosos alco\u00f3licos, que proporcionou uma degusta\u00e7\u00e3o aos convidados. Conhecida desde 2018 como <\/span><\/span><span ;=\"\" style=\"font-size: 15px;\">Don<\/span><span ;=\"\" style=\"font-size: 15px;\"><span style=\"color:#000000;\"> Luiz, em maio de 2026 a marca passou por um reposicionamento e agora destaca o seu atributo de cremosidade.&nbsp;<\/span><\/span><span ;=\"\" style=\"font-size: 15px;\"><span style=\"color:#000000;\">No Camping da Fusion, os participantes puderam provar que a mudan\u00e7a de nome n\u00e3o alterou em nada o sabor e a identidade visual marcante do urso. E que os loucos pela vida, como s\u00e3o chamados os clientes da Don Cream, podem continuar degustando a vida como ela \u00e9.<\/span><\/span><\/p>\n<p><span style=\"font-size:15px\" ;=\"\">Com base em doce de leite, o coquetel alco\u00f3lico cremoso tem 13% de teor alco\u00f3lico e pode ser consumido puro, bem gelado ou com gelo, al\u00e9m de tamb\u00e9m ser utilizado em preparos de coquetelaria e sobremesas. A presen\u00e7a da marca no Camping da Fusion acrescentou ao encontro uma experi\u00eancia de degusta\u00e7\u00e3o integrada ao clima descontra\u00eddo da ocasi\u00e3o.<\/span><\/div>\n<div><span style=\"font-size: 15px;\"><br \/><\/span><\/div>\n<div>\n<figure class=\"article-media\"><img decoding=\"async\" src=\"https:\/\/painel.cenariomidia.com.br\/uploads\/20260904155624-inline-36a77019.jpg\" alt=\"\" style=\"max-width:100%;height:auto\"><figcaption><\/figcaption><\/figure>\n<p><\/p>\n<p><span style=\"font-size:15px\" ;=\"\">O Camping da Fusion se destacou justamente pela combina\u00e7\u00e3o entre m\u00fasica, experi\u00eancias e relacionamento, criando um espa\u00e7o de intera\u00e7\u00e3o entre artistas e convidados e refor\u00e7ando a for\u00e7a da cena do funk como um dos principais movimentos culturais da m\u00fasica brasileira contempor\u00e2nea.<\/span><\/p>\n<p><span style=\"font-size:15px\" ;=\"\"><b>Sobre a Don Cream<\/b><\/span><\/p>\n<p><span style=\"font-size:15px\" ;=\"\"><span style=\"color:#000000;\">A Don Cream \u00e9 uma marca brasileira de cremosos alco\u00f3licos nascida em Salvador, em 2018, a partir de uma receita de doce de leite alco\u00f3lico criada para ser compartilhada entre amigos. Antes conhecida como Don Luiz, a marca inicia uma nova fase mantendo o sabor, a embalagem, o urso e a ess\u00eancia que conquistaram consumidores em todo o Brasil. Presente nas principais redes de supermercados de 22 estados, a Don Cream tem a bebida de doce de leite como produto carro-chefe e se prepara para ampliar seu portf\u00f3lio, consolidando-se como uma plataforma brasileira dedicada ao universo dos cremosos alco\u00f3licos.<\/span><\/span><\/p>\n<p><span style=\"font-size:15px\" ;=\"\"><span style=\"color:#000000;\">Para mais informa\u00e7\u00f5es, acesse&nbsp;<\/span><\/span><span style=\"font-size:15px\" ;=\"\">https:\/\/www.doncream.com.br\/<\/span><span style=\"font-size:15px\" ;=\"\"><span style=\"color:#000000;\">&nbsp;ou&nbsp;<\/span><\/span><span style=\"font-size:15px\" ;=\"\">@doncreamoficial<\/span><span style=\"font-size:15px\" ;=\"\"><span style=\"color:#000000;\">.<\/span><\/span><br \/>\n<!--\/data\/user\/0\/com.samsung.android.app.notes\/files\/clipdata\/clipdata_bodytext_260904_155517_444.sdocx--><\/div>\n","protected":false},"excerpt":{"rendered":"<p>Evento realizado em 11 de agosto, em S\u00e3o Paulo, contou com presen\u00e7a de artistas, produtores, DJs e teve degusta\u00e7\u00e3o da marca de alco\u00f3licos cremosos, [&hellip;]<\/p>\n","protected":false},"author":1,"featured_media":6290,"comment_status":"","ping_status":"","sticky":false,"template":"","format":"standard","meta":{"footnotes":""},"categories":[3],"tags":[],"class_list":["post-6291","post","type-post","status-publish","format-standard","has-post-thumbnail","hentry","category-geral"],"_links":{"self":[{"href":"https:\/\/vitrinedafama.com.br\/index.php\/wp-json\/wp\/v2\/posts\/6291","targetHints":{"allow":["GET"]}}],"collection":[{"href":"https:\/\/vitrinedafama.com.br\/index.php\/wp-json\/wp\/v2\/posts"}],"about":[{"href":"https:\/\/vitrinedafama.com.br\/index.php\/wp-json\/wp\/v2\/types\/post"}],"author":[{"embeddable":true,"href":"https:\/\/vitrinedafama.com.br\/index.php\/wp-json\/wp\/v2\/users\/1"}],"replies":[{"embeddable":true,"href":"https:\/\/vitrinedafama.com.br\/index.php\/wp-json\/wp\/v2\/comments?post=6291"}],"version-history":[{"count":0,"href":"https:\/\/vitrinedafama.com.br\/index.php\/wp-json\/wp\/v2\/posts\/6291\/revisions"}],"wp:featuredmedia":[{"embeddable":true,"href":"https:\/\/vitrinedafama.com.br\/index.php\/wp-json\/wp\/v2\/media\/6290"}],"wp:attachment":[{"href":"https:\/\/vitrinedafama.com.br\/index.php\/wp-json\/wp\/v2\/media?parent=6291"}],"wp:term":[{"taxonomy":"category","embeddable":true,"href":"https:\/\/vitrinedafama.com.br\/index.php\/wp-json\/wp\/v2\/categories?post=6291"},{"taxonomy":"post_tag","embeddable":true,"href":"https:\/\/vitrinedafama.com.br\/index.php\/wp-json\/wp\/v2\/tags?post=6291"}],"curies":[{"name":"wp","href":"https:\/\/api.w.org\/{rel}","templated":true}]}}