{"id":6283,"date":"2026-09-04T10:08:36","date_gmt":"2026-09-04T13:08:36","guid":{"rendered":"https:\/\/vitrinedafama.com.br\/?p=6283"},"modified":"2026-09-04T10:08:36","modified_gmt":"2026-09-04T13:08:36","slug":"nesk-only-transforma-medo-em-fe-no-novo-projeto-me-tira-o-medo","status":"publish","type":"post","link":"https:\/\/vitrinedafama.com.br\/index.php\/2026\/09\/04\/nesk-only-transforma-medo-em-fe-no-novo-projeto-me-tira-o-medo\/","title":{"rendered":"Nesk Only transforma medo em f\u00e9 no novo projeto \u201cMe Tira o Medo\u201d"},"content":{"rendered":"\n<p class=\"wp-block-paragraph\">O rapper<strong>&nbsp;Nesk Only<\/strong>&nbsp;lan\u00e7a seu novo EP, &#8220;<strong>Me Tira o Medo<\/strong>&#8220;. O projeto conta ao todo com duas m\u00fasicas: a faixa-t\u00edtulo e sua vers\u00e3o ac\u00fastica, que trazem a participa\u00e7\u00e3o de Gabi Vicari. Junto ao EP, que foi produzido por Fabio Casagrande, o artista tamb\u00e9m estreia o v\u00eddeo da faixa, que foi dirigido por Enrico Marques.&nbsp;<\/p>\n\n\n\n<p class=\"wp-block-paragraph\"><strong>Assista aqui:&nbsp;<\/strong><\/p>\n\n\n\n<figure class=\"wp-block-embed is-type-video is-provider-youtube wp-block-embed-youtube wp-embed-aspect-16-9 wp-has-aspect-ratio\"><div class=\"wp-block-embed__wrapper\">\n<iframe loading=\"lazy\" title=\"Nesk Only - Me Tira O Medo Part. Gabi Vicari (Clipe Oficial)\" width=\"500\" height=\"281\" src=\"https:\/\/www.youtube.com\/embed\/R5JB79Tl4qM?feature=oembed\" frameborder=\"0\" allow=\"accelerometer; autoplay; clipboard-write; encrypted-media; gyroscope; picture-in-picture; web-share\" referrerpolicy=\"strict-origin-when-cross-origin\" allowfullscreen><\/iframe>\n<\/div><\/figure>\n\n\n\n<p class=\"wp-block-paragraph\">Com sonoridade urbana e mensagem cristoc\u00eantrica, a can\u00e7\u00e3o fala sobre f\u00e9, esperan\u00e7a e confian\u00e7a em Deus. &#8220;&#8221;Me Tira o Medo&#8217; \u00e9 um trap gospel que nos faz refletir nos momentos em que o medo e a inseguran\u00e7a tomam conta. A m\u00fasica \u00e9 uma conversa com Jesus que nos lembra que, mesmo quando tudo parece fora do lugar, Ele continua no controle. \u00c9 uma faixa simples, direta, f\u00e1cil de se identificar, e traz o refr\u00e3o da m\u00fasica &#8216;\u00c9 Tudo Sobre Voc\u00ea&#8217;, da banda Morada&#8221;, conta Nesk Only.<\/p>\n\n\n\n<p class=\"wp-block-paragraph\">No \u00faltimo dia 22 de agosto, Nesk Only recebeu o Certificado de Ouro pela venda de mais de 8 milh\u00f5es de streamings nas plataformas digitais do single &#8220;Limitado 2&#8221;, faixa colaborativa ao lado de 2metro e Brunno Ramos.<\/p>\n\n\n\n<p class=\"wp-block-paragraph\">Inspirado pelo clima festivo do maior campeonato de futebol do mundo, o rapper lan\u00e7ou o EP &#8220;Estilo Brasileiro&#8221; no dia 3 de julho. O projeto conta com duas m\u00fasicas: &#8220;Que Bom Seria&#8221; e a faixa-t\u00edtulo, que tamb\u00e9m ganhou um videoclipe dirigido por Enrico Marques.&nbsp;<\/p>\n\n\n\n<p class=\"wp-block-paragraph\"><strong>Assista:<\/strong><\/p>\n\n\n\n<figure class=\"wp-block-embed is-type-video is-provider-youtube wp-block-embed-youtube wp-embed-aspect-16-9 wp-has-aspect-ratio\"><div class=\"wp-block-embed__wrapper\">\n<iframe loading=\"lazy\" title=\"Nesk Only - Estilo Brasileiro\" width=\"500\" height=\"281\" src=\"https:\/\/www.youtube.com\/embed\/Lgf6wyqLiSE?feature=oembed\" frameborder=\"0\" allow=\"accelerometer; autoplay; clipboard-write; encrypted-media; gyroscope; picture-in-picture; web-share\" referrerpolicy=\"strict-origin-when-cross-origin\" allowfullscreen><\/iframe>\n<\/div><\/figure>\n\n\n\n<p class=\"wp-block-paragraph\">Em 21 de maio deste ano, Nesk Only e 2metro, artistas que t\u00eam feito os maiores e mais recentes cl\u00e1ssicos do trap gospel, lan\u00e7aram o EP colaborativo &#8220;Toque&#8221;. O projeto veio acompanhado do videoclipe da faixa-t\u00edtulo, que foi dirigido por Enrico Marques.&nbsp;<\/p>\n\n\n\n<p class=\"wp-block-paragraph\"><strong>Confira:&nbsp;<\/strong><\/p>\n\n\n\n<figure class=\"wp-block-embed is-type-video is-provider-youtube wp-block-embed-youtube wp-embed-aspect-16-9 wp-has-aspect-ratio\"><div class=\"wp-block-embed__wrapper\">\n<iframe loading=\"lazy\" title=\"Nesk Only &amp; 2metro - Toque | DADR\" width=\"500\" height=\"281\" src=\"https:\/\/www.youtube.com\/embed\/NAgkZXFyP-I?feature=oembed\" frameborder=\"0\" allow=\"accelerometer; autoplay; clipboard-write; encrypted-media; gyroscope; picture-in-picture; web-share\" referrerpolicy=\"strict-origin-when-cross-origin\" allowfullscreen><\/iframe>\n<\/div><\/figure>\n\n\n\n<p class=\"wp-block-paragraph\">Em 27 de mar\u00e7o, Nesk apresentou o single &#8220;Sar\u00e7a&#8221;. A faixa, em estilo soft funk (funk com batidas mais leves) e com forte influ\u00eancia do trap, tamb\u00e9m ganhou um videoclipe dirigido por Enrico Marques.<\/p>\n\n\n\n<p class=\"wp-block-paragraph\"><strong>Assista tamb\u00e9m:&nbsp;<\/strong><\/p>\n\n\n\n<figure class=\"wp-block-embed is-type-video is-provider-youtube wp-block-embed-youtube wp-embed-aspect-16-9 wp-has-aspect-ratio\"><div class=\"wp-block-embed__wrapper\">\n<iframe loading=\"lazy\" title=\"Nesk Only - Sar\u00e7a | DADR\" width=\"500\" height=\"281\" src=\"https:\/\/www.youtube.com\/embed\/7d9d4Y0hIwg?feature=oembed\" frameborder=\"0\" allow=\"accelerometer; autoplay; clipboard-write; encrypted-media; gyroscope; picture-in-picture; web-share\" referrerpolicy=\"strict-origin-when-cross-origin\" allowfullscreen><\/iframe>\n<\/div><\/figure>\n","protected":false},"excerpt":{"rendered":"<p>O rapper&nbsp;Nesk Only&nbsp;lan\u00e7a seu novo EP, &#8220;Me Tira o Medo&#8220;. O projeto conta ao todo com duas m\u00fasicas: a faixa-t\u00edtulo e sua vers\u00e3o ac\u00fastica, [&hellip;]<\/p>\n","protected":false},"author":3,"featured_media":6284,"comment_status":"closed","ping_status":"","sticky":false,"template":"","format":"standard","meta":{"footnotes":""},"categories":[6],"tags":[],"class_list":["post-6283","post","type-post","status-publish","format-standard","has-post-thumbnail","hentry","category-musica"],"_links":{"self":[{"href":"https:\/\/vitrinedafama.com.br\/index.php\/wp-json\/wp\/v2\/posts\/6283","targetHints":{"allow":["GET"]}}],"collection":[{"href":"https:\/\/vitrinedafama.com.br\/index.php\/wp-json\/wp\/v2\/posts"}],"about":[{"href":"https:\/\/vitrinedafama.com.br\/index.php\/wp-json\/wp\/v2\/types\/post"}],"author":[{"embeddable":true,"href":"https:\/\/vitrinedafama.com.br\/index.php\/wp-json\/wp\/v2\/users\/3"}],"replies":[{"embeddable":true,"href":"https:\/\/vitrinedafama.com.br\/index.php\/wp-json\/wp\/v2\/comments?post=6283"}],"version-history":[{"count":1,"href":"https:\/\/vitrinedafama.com.br\/index.php\/wp-json\/wp\/v2\/posts\/6283\/revisions"}],"predecessor-version":[{"id":6285,"href":"https:\/\/vitrinedafama.com.br\/index.php\/wp-json\/wp\/v2\/posts\/6283\/revisions\/6285"}],"wp:featuredmedia":[{"embeddable":true,"href":"https:\/\/vitrinedafama.com.br\/index.php\/wp-json\/wp\/v2\/media\/6284"}],"wp:attachment":[{"href":"https:\/\/vitrinedafama.com.br\/index.php\/wp-json\/wp\/v2\/media?parent=6283"}],"wp:term":[{"taxonomy":"category","embeddable":true,"href":"https:\/\/vitrinedafama.com.br\/index.php\/wp-json\/wp\/v2\/categories?post=6283"},{"taxonomy":"post_tag","embeddable":true,"href":"https:\/\/vitrinedafama.com.br\/index.php\/wp-json\/wp\/v2\/tags?post=6283"}],"curies":[{"name":"wp","href":"https:\/\/api.w.org\/{rel}","templated":true}]}}