{"id":6282,"date":"2026-09-03T19:55:26","date_gmt":"2026-09-03T22:55:26","guid":{"rendered":"https:\/\/vitrinedafama.com.br\/index.php\/2026\/09\/03\/ensaios-da-anitta-curitiba-sao-paulo-e-belo-horizonte-abrem-venda-geral\/"},"modified":"2026-09-03T19:55:26","modified_gmt":"2026-09-03T22:55:26","slug":"ensaios-da-anitta-curitiba-sao-paulo-e-belo-horizonte-abrem-venda-geral","status":"publish","type":"post","link":"https:\/\/vitrinedafama.com.br\/index.php\/2026\/09\/03\/ensaios-da-anitta-curitiba-sao-paulo-e-belo-horizonte-abrem-venda-geral\/","title":{"rendered":"&#8220;Ensaios da Anitta&#8221;: Curitiba, S\u00e3o Paulo e Belo Horizonte abrem venda geral"},"content":{"rendered":"<p><span style=\"font-size:15px\" ;=\"\"><span ;=\"\"><span style=\"color:#262626;\">Os<\/span><\/span><\/span><span style=\"font-size:15px\" ;=\"\"><span style=\"color:#262626;\"><b>&#8220;Ensaios da Anitta 2027&#8221;<\/b><\/span><\/span><span style=\"font-size:15px\" ;=\"\"><span style=\"color:#262626;\">abrem as vendas nesta quinta (3) para as cidades de<\/span><\/span><span style=\"font-size:15px\" ;=\"\"><span style=\"color:#262626;\"><b>S\u00e3o Paulo, Belo Horizonte e Curitiba,<\/b><\/span><\/span><span style=\"font-size:15px\" ;=\"\"><span style=\"color:#262626;\">destinados ao p\u00fablico geral.<\/span><\/span><br \/>\n<span style=\"font-size:15px\" ;=\"\"><span style=\"color:#262626;\">As vendas acontecem separadas por hor\u00e1rio, sendo:<\/span><\/span><span style=\"font-size:15px\" ;=\"\"><span style=\"color:#262626;\"><b>Campinas \u00e0s 12h; e Curitiba e S\u00e3o Paulo \u00e0s 18h<\/b><\/span><\/span><span style=\"font-size:15px\" ;=\"\"><span style=\"color:#262626;\">. A comercializa\u00e7\u00e3o \u00e9 feita exclusivamente no site oficial, por meio da <\/span><\/span><span style=\"font-size:15px\" ;=\"\"><span style=\"color:#262626;\"><b>Ingresse.<\/b><\/span><\/span><\/p>\n<p><span style=\"font-size:15px\" ;=\"\"><span style=\"color:#262626;\">Recife, Bel\u00e9m, Belo Horizonte e Bras\u00edlia iniciaram as vendas na \u00faltima quarta (2). O Rio de Janeiro, no entanto, ainda segue sem local e data para as vendas.<\/span><\/span><br \/>\n<span style=\"font-size:15px\" ;=\"\"><span style=\"color:#262626;\">Na \u00faltima ter\u00e7a, apenas clientes com<\/span><\/span><span style=\"font-size:15px\" ;=\"\"><span style=\"color:#DC2626;\">cart\u00e3o de cr\u00e9dito Mercado Pago p<\/span><\/span><span style=\"font-size:15px\" ;=\"\"><span style=\"color:#262626;\">uderam <\/span><\/span><span style=\"font-size:15px\" ;=\"\"><span style=\"color:#DC2626;\">acessar a pr\u00e9-venda<\/span><\/span><span style=\"font-size:15px\" ;=\"\"><span style=\"color:#262626;\">, que aconteceu simultaneamente para todas as datas.<\/span><\/span><br \/>\n<span style=\"font-size:15px\" ;=\"\"><span style=\"color:#262626;\">Em 2027, a cantora&nbsp;<\/span><\/span><span style=\"font-size:15px\" ;=\"\"><span style=\"color:#DC2626;\">passar\u00e1 por oito estados<\/span><\/span><span style=\"font-size:15px\" ;=\"\"><span style=\"color:#262626;\">&nbsp;durante o<\/span><\/span><span style=\"font-size:15px\" ;=\"\"><span style=\"color:#DC2626;\">m\u00eas de janeiro<\/span><\/span><span style=\"font-size:15px\" ;=\"\"><span style=\"color:#262626;\">, visto que o&nbsp;<\/span><\/span><span style=\"font-size:15px\" ;=\"\"><span style=\"color:#DC2626;\">Carnaval no pr\u00f3ximo ano<\/span><\/span><span style=\"font-size:15px\" ;=\"\"><span style=\"color:#262626;\">&nbsp;acontece mais cedo, com in\u00edcio em 6 de fevereiro.<\/span><\/span><br \/>\n<!--\/data\/user\/0\/com.samsung.android.app.notes\/files\/clipdata\/clipdata_bodytext_260903_195330_405.sdocx--><\/p>\n","protected":false},"excerpt":{"rendered":"<p>Os&#8220;Ensaios da Anitta 2027&#8221;abrem as vendas nesta quinta (3) para as cidades deS\u00e3o Paulo, Belo Horizonte e Curitiba,destinados ao p\u00fablico geral. As vendas acontecem [&hellip;]<\/p>\n","protected":false},"author":1,"featured_media":6281,"comment_status":"","ping_status":"","sticky":false,"template":"","format":"standard","meta":{"footnotes":""},"categories":[6],"tags":[],"class_list":["post-6282","post","type-post","status-publish","format-standard","has-post-thumbnail","hentry","category-musica"],"_links":{"self":[{"href":"https:\/\/vitrinedafama.com.br\/index.php\/wp-json\/wp\/v2\/posts\/6282","targetHints":{"allow":["GET"]}}],"collection":[{"href":"https:\/\/vitrinedafama.com.br\/index.php\/wp-json\/wp\/v2\/posts"}],"about":[{"href":"https:\/\/vitrinedafama.com.br\/index.php\/wp-json\/wp\/v2\/types\/post"}],"author":[{"embeddable":true,"href":"https:\/\/vitrinedafama.com.br\/index.php\/wp-json\/wp\/v2\/users\/1"}],"replies":[{"embeddable":true,"href":"https:\/\/vitrinedafama.com.br\/index.php\/wp-json\/wp\/v2\/comments?post=6282"}],"version-history":[{"count":0,"href":"https:\/\/vitrinedafama.com.br\/index.php\/wp-json\/wp\/v2\/posts\/6282\/revisions"}],"wp:featuredmedia":[{"embeddable":true,"href":"https:\/\/vitrinedafama.com.br\/index.php\/wp-json\/wp\/v2\/media\/6281"}],"wp:attachment":[{"href":"https:\/\/vitrinedafama.com.br\/index.php\/wp-json\/wp\/v2\/media?parent=6282"}],"wp:term":[{"taxonomy":"category","embeddable":true,"href":"https:\/\/vitrinedafama.com.br\/index.php\/wp-json\/wp\/v2\/categories?post=6282"},{"taxonomy":"post_tag","embeddable":true,"href":"https:\/\/vitrinedafama.com.br\/index.php\/wp-json\/wp\/v2\/tags?post=6282"}],"curies":[{"name":"wp","href":"https:\/\/api.w.org\/{rel}","templated":true}]}}