{"id":6275,"date":"2026-09-03T12:48:13","date_gmt":"2026-09-03T15:48:13","guid":{"rendered":"https:\/\/vitrinedafama.com.br\/index.php\/2026\/09\/03\/caf-com-benef-cios-re-ne-oscar-roberto-godoi-e-ana-paula-oliveira-em-epis-dio-especial-sobre-futebol-arbitragem-e-bastidores-do-esporte\/"},"modified":"2026-09-03T12:48:13","modified_gmt":"2026-09-03T15:48:13","slug":"caf-com-benef-cios-re-ne-oscar-roberto-godoi-e-ana-paula-oliveira-em-epis-dio-especial-sobre-futebol-arbitragem-e-bastidores-do-esporte","status":"publish","type":"post","link":"https:\/\/vitrinedafama.com.br\/index.php\/2026\/09\/03\/caf-com-benef-cios-re-ne-oscar-roberto-godoi-e-ana-paula-oliveira-em-epis-dio-especial-sobre-futebol-arbitragem-e-bastidores-do-esporte\/","title":{"rendered":"Caf\u00e9 com Benef\u00edcios re\u00fane Oscar Roberto Godoi e Ana Paula Oliveira em epis\u00f3dio especial sobre futebol, arbitragem e bastidores do esporte"},"content":{"rendered":"<\/p>\n<p class=\"s3\"><span>Apresentado por Stephanie Dalmazo e Vinny Dlakart, programa recebeu dois nomes de destaque da arbitragem e do jornalismo esportivo em uma conversa que movimentou o p\u00fablico nesta quarta-feira (2)<\/span><\/p>\n<p class=\"s6\"><span>\u00a0<\/span><\/p>\n<p class=\"s8\">\n<p class=\"s10\"><span>O\u00a0<\/span><span class=\"s9\">Caf\u00e9 com Benef\u00edcios<\/span><span>\u00a0promoveu, nesta quarta-feira, 2 de setembro, mais um encontro de destaque em sua programa\u00e7\u00e3o. O epis\u00f3dio reuniu dois nomes conhecidos do universo do futebol brasileiro:\u00a0<\/span><span class=\"s9\">Oscar Roberto Godoi<\/span><span>\u00a0e\u00a0<\/span><span class=\"s9\">Ana Paula Oliveira<\/span><span>, ambos com trajet\u00f3rias marcadas pela atua\u00e7\u00e3o na arbitragem e pelo trabalho no jornalismo esportivo.<\/span><\/p>\n<p class=\"s10\"><span>Com a proposta de levar ao p\u00fablico conversas leves, relevantes e com convidados que t\u00eam hist\u00f3rias para contar, o programa ganhou ainda mais repercuss\u00e3o ao colocar frente a frente duas personalidades que conhecem profundamente os bastidores do futebol. A participa\u00e7\u00e3o de Oscar Roberto Godoi e Ana Paula Oliveira proporcionou uma conversa que passou por experi\u00eancias profissionais, hist\u00f3rias da arbitragem e diferentes aspectos do universo esportivo.<\/span><\/p>\n<p class=\"s10\"><span>O epis\u00f3dio tamb\u00e9m refor\u00e7ou a identidade do\u00a0<\/span><span class=\"s9\">Caf\u00e9 com Benef\u00edcios<\/span><span>, que vem apostando em convidados de diferentes \u00e1reas e em conte\u00fados capazes de aproximar personalidades e p\u00fablico por meio de conversas espont\u00e2neas e descontra\u00eddas.<\/span><\/p>\n<p class=\"s10\"><span>\u00c0 frente da atra\u00e7\u00e3o,\u00a0<\/span><span class=\"s9\">Stephanie Dalmazo e Vinny Dlakart<\/span><span>conduziram o encontro com leveza e dinamismo, contribuindo para que as hist\u00f3rias dos convidados ganhassem espa\u00e7o e para que o p\u00fablico pudesse conhecer um pouco mais dos profissionais por tr\u00e1s de duas trajet\u00f3rias t\u00e3o ligadas ao futebol brasileiro.<\/span><\/p>\n<p class=\"s10\"><span>A presen\u00e7a de\u00a0<\/span><span class=\"s9\">Oscar Roberto Godoi<\/span><span>, conhecido por sua atua\u00e7\u00e3o como \u00e1rbitro de futebol e posteriormente por sua carreira na comunica\u00e7\u00e3o esportiva, ao lado de\u00a0<\/span><span class=\"s9\">Ana Paula Oliveira<\/span><span>, que construiu uma trajet\u00f3ria de destaque na arbitragem e tamb\u00e9m no jornalismo, tornou o epis\u00f3dio especialmente relevante para os f\u00e3s do esporte.<\/span><\/p>\n<p class=\"s10\"><span>O resultado foi um dos encontros que mais chamaram a aten\u00e7\u00e3o dentro da proposta do programa, mostrando a for\u00e7a do\u00a0<\/span><span class=\"s9\">Caf\u00e9 com Benef\u00edcios<\/span><span>\u00a0em transformar boas hist\u00f3rias e nomes relevantes em conte\u00fado para o p\u00fablico.<\/span><\/p>\n<p class=\"s10\"><span>O epis\u00f3dio completo com\u00a0<\/span><span class=\"s9\">Oscar Roberto Godoi e Ana Paula Oliveira<\/span><span>, apresentado por\u00a0<\/span><span class=\"s9\">Stephanie Dalmazo e Vinny Dlakart<\/span><span>, est\u00e1 dispon\u00edvel no canal oficial do\u00a0<\/span><span class=\"s9\">Caf\u00e9 com Benef\u00edcios no YouTube<\/span><span>.<\/span><\/p>\n<p class=\"s12\"><span>Assista aqui:\u00a0<\/span><a href=\"https:\/\/www.youtube.com\/live\/jwSU-gGzqEU?is=hC7ULYqT2_7yk6Gg\"><span class=\"s11\">https:\/\/www.youtube.com\/live\/jwSU-gGzqEU?is=hC7ULYqT2_7yk6Gg<\/span><\/a><\/p>\n","protected":false},"excerpt":{"rendered":"<p>Apresentado por Stephanie Dalmazo e Vinny Dlakart, programa recebeu dois nomes de destaque da arbitragem e do jornalismo esportivo em uma conversa que movimentou [&hellip;]<\/p>\n","protected":false},"author":3003182825,"featured_media":6274,"comment_status":"","ping_status":"","sticky":false,"template":"","format":"standard","meta":{"footnotes":""},"categories":[3],"tags":[],"class_list":["post-6275","post","type-post","status-publish","format-standard","has-post-thumbnail","hentry","category-geral"],"_links":{"self":[{"href":"https:\/\/vitrinedafama.com.br\/index.php\/wp-json\/wp\/v2\/posts\/6275","targetHints":{"allow":["GET"]}}],"collection":[{"href":"https:\/\/vitrinedafama.com.br\/index.php\/wp-json\/wp\/v2\/posts"}],"about":[{"href":"https:\/\/vitrinedafama.com.br\/index.php\/wp-json\/wp\/v2\/types\/post"}],"author":[{"embeddable":true,"href":"https:\/\/vitrinedafama.com.br\/index.php\/wp-json\/wp\/v2\/users\/3003182825"}],"replies":[{"embeddable":true,"href":"https:\/\/vitrinedafama.com.br\/index.php\/wp-json\/wp\/v2\/comments?post=6275"}],"version-history":[{"count":0,"href":"https:\/\/vitrinedafama.com.br\/index.php\/wp-json\/wp\/v2\/posts\/6275\/revisions"}],"wp:featuredmedia":[{"embeddable":true,"href":"https:\/\/vitrinedafama.com.br\/index.php\/wp-json\/wp\/v2\/media\/6274"}],"wp:attachment":[{"href":"https:\/\/vitrinedafama.com.br\/index.php\/wp-json\/wp\/v2\/media?parent=6275"}],"wp:term":[{"taxonomy":"category","embeddable":true,"href":"https:\/\/vitrinedafama.com.br\/index.php\/wp-json\/wp\/v2\/categories?post=6275"},{"taxonomy":"post_tag","embeddable":true,"href":"https:\/\/vitrinedafama.com.br\/index.php\/wp-json\/wp\/v2\/tags?post=6275"}],"curies":[{"name":"wp","href":"https:\/\/api.w.org\/{rel}","templated":true}]}}