{"id":6273,"date":"2026-09-03T12:52:00","date_gmt":"2026-09-03T15:52:00","guid":{"rendered":"https:\/\/vitrinedafama.com.br\/?p=6273"},"modified":"2026-09-03T13:02:18","modified_gmt":"2026-09-03T16:02:18","slug":"gemeas-dias-e-trupe-ciranda-circulam-com-ciranda-por-cinco-regioes-de-sao-paulo","status":"publish","type":"post","link":"https:\/\/vitrinedafama.com.br\/index.php\/2026\/09\/03\/gemeas-dias-e-trupe-ciranda-circulam-com-ciranda-por-cinco-regioes-de-sao-paulo\/","title":{"rendered":"G\u00eameas Dias e Trupe Cirand\u00e1 circulam com \u201cCiranda\u201d por cinco regi\u00f5es de S\u00e3o Paulo"},"content":{"rendered":"\n<p class=\"wp-block-paragraph\">A&nbsp;<strong>Trupe Cirand\u00e1<\/strong>, coletivo art\u00edstico idealizado pelas irm\u00e3s&nbsp;<strong>Nath\u00e1lia e Nayara Dias<\/strong>, as&nbsp;<strong>G\u00eameas Dias<\/strong>, inicia em setembro uma nova circula\u00e7\u00e3o de&nbsp;<strong>\u201cCiranda\u201d<\/strong>, espet\u00e1culo circense-musical que celebra a diversidade cultural brasileira a partir do encontro entre circo, m\u00fasica, dan\u00e7a e diferentes manifesta\u00e7\u00f5es da cultura popular. Contemplado pelo&nbsp;<strong>Pr\u00eamio de Fomento ao Circo da Secretaria Municipal de Cultura de S\u00e3o Paulo<\/strong>, o projeto ganha agora uma nova vers\u00e3o e ser\u00e1 apresentado gratuitamente em cinco territ\u00f3rios da capital paulista, entre setembro e outubro.<\/p>\n\n\n\n<p class=\"wp-block-paragraph\">A circula\u00e7\u00e3o come\u00e7a no dia&nbsp;<strong>04 de setembro (sexta-feira), \u00e0s 14h30, no CEU Campo Limpo<\/strong>, e segue pela&nbsp;<strong>Casa Capu\u00eara Novo Mundo, no Parque Novo Mundo (30\/09); Casa Cultural Querosene, no Morro do Querosene (02\/10); Comunidade Cultural Quilombaque, em Perus (03\/10); e Casa Mestre Ananias, na Bela Vista (25\/10)<\/strong>. Al\u00e9m das apresenta\u00e7\u00f5es, o projeto inclui oficinas de percuss\u00e3o e a&nbsp;<strong>Ciranda dos Saberes<\/strong>, rodas de conversa com mestres da cultura popular e do circo, ampliando o interc\u00e2mbio com as comunidades de cada territ\u00f3rio.<\/p>\n\n\n\n<p class=\"wp-block-paragraph\">Criada em 2024, a Trupe Cirand\u00e1 j\u00e1 levou o espet\u00e1culo a diversas unidades do Sesc S\u00e3o Paulo e Rio de Janeiro e integrou o Circuito Sesc de Artes 2025. A conquista do Pr\u00eamio de Fomento ao Circo permitiu ao coletivo revisitar a obra e aprofundar uma pesquisa que j\u00e1 estava presente desde sua cria\u00e7\u00e3o.<\/p>\n\n\n\n<p class=\"wp-block-paragraph\"><em>\u201cQuando criamos \u2018Ciranda\u2019, j\u00e1 t\u00ednhamos muitas ideias que quer\u00edamos desenvolver, mas n\u00e3o t\u00ednhamos os recursos necess\u00e1rios. O Fomento nos deu a oportunidade de finalmente trazer mais fundamento art\u00edstico para tudo aquilo que imagin\u00e1vamos desde o come\u00e7o. Pudemos trabalhar com dire\u00e7\u00e3o art\u00edstica, coreografia e dire\u00e7\u00e3o musical, aprofundar a pesquisa dos ritmos, aperfei\u00e7oar os figurinos e criar novos elementos para a montagem. O espet\u00e1culo ganha agora um grande amadurecimento, tanto visual quanto conceitual\u201d,<\/em>&nbsp;explica&nbsp;<strong>Nayara Dias<\/strong>.<\/p>\n\n\n\n<p class=\"wp-block-paragraph\">Com dire\u00e7\u00e3o art\u00edstica de&nbsp;<strong>Ronaldo Aguiar<\/strong>, dire\u00e7\u00e3o musical de&nbsp;<strong>Renato Macedo<\/strong>&nbsp;e coreografia de&nbsp;<strong>Alisson Lima<\/strong>, \u201cCiranda\u201d parte da pr\u00f3pria geometria do picadeiro para falar de uni\u00e3o, continuidade, igualdade e coletividade. A roda aparece tanto na estrutura da encena\u00e7\u00e3o quanto nas manifesta\u00e7\u00f5es populares que atravessam o espet\u00e1culo, em um di\u00e1logo entre ciranda, coco, jongo, capoeira, samba de roda, maracatu e frevo.<\/p>\n\n\n\n<figure class=\"wp-block-embed is-type-video is-provider-youtube wp-block-embed-youtube wp-embed-aspect-16-9 wp-has-aspect-ratio\"><div class=\"wp-block-embed__wrapper\">\n<iframe loading=\"lazy\" title=\"Ciranda | Trupe Cirand\u00e1\" width=\"500\" height=\"281\" src=\"https:\/\/www.youtube.com\/embed\/pfG3CMQj8m8?feature=oembed\" frameborder=\"0\" allow=\"accelerometer; autoplay; clipboard-write; encrypted-media; gyroscope; picture-in-picture; web-share\" referrerpolicy=\"strict-origin-when-cross-origin\" allowfullscreen><\/iframe>\n<\/div><\/figure>\n\n\n\n<p class=\"wp-block-paragraph\">No picadeiro, performances a\u00e9reas e de solo tamb\u00e9m exploram essa circularidade por meio da roda Cyr, lira a\u00e9rea, bambol\u00ea, corda lisa, tecido acrob\u00e1tico, pernas de pau e outros elementos circenses. M\u00fasica ao vivo, dan\u00e7a e acrobacia se encontram em uma montagem de 50 minutos que convida o p\u00fablico n\u00e3o apenas a assistir, mas a se reconhecer como parte dessa roda.<\/p>\n\n\n\n<p class=\"wp-block-paragraph\">O processo de reformula\u00e7\u00e3o permitiu ainda que o elenco aprofundasse o estudo das origens e dos significados das manifesta\u00e7\u00f5es presentes na obra.<\/p>\n\n\n\n<p class=\"wp-block-paragraph\"><em>\u201cAntes, cada artista chegava com a sua pr\u00f3pria bagagem e com aquilo que conhecia desses ritmos. Desta vez, conseguimos sentar juntos, estudar e entender de onde eles v\u00eam, o que representam e por que determinados movimentos existem. N\u00e3o era apenas aprender a dan\u00e7ar o coco, por exemplo, mas compreender sua hist\u00f3ria, seu contexto e o que aquele movimento carrega. Isso engrandeceu muito o espet\u00e1culo e tamb\u00e9m a nossa rela\u00e7\u00e3o com a cultura que estamos reverenciando\u201d,<\/em>&nbsp;conta Nayara.<\/p>\n\n\n\n<p class=\"wp-block-paragraph\">Esse aprofundamento tamb\u00e9m passa pelo olhar do diretor art\u00edstico Ronaldo Aguiar. Nordestino, ele trouxe para a cria\u00e7\u00e3o novas refer\u00eancias ligadas \u00e0s manifesta\u00e7\u00f5es populares e ao carnaval, contribuindo para que o grupo estabelecesse uma rela\u00e7\u00e3o ainda mais cuidadosa com os elementos culturais que atravessam \u201cCiranda\u201d.<\/p>\n\n\n\n<p class=\"wp-block-paragraph\"><em>\u201cA gente entendeu que precisava falar dessas manifesta\u00e7\u00f5es com mais propriedade, rever\u00eancia e respeito. Somos aprendizes diante de mestres que carregam esses saberes h\u00e1 d\u00e9cadas. Essa circula\u00e7\u00e3o tamb\u00e9m \u00e9 uma oportunidade de chegar at\u00e9 eles, ouvir, aprender e reconhecer quem mant\u00e9m essas tradi\u00e7\u00f5es vivas\u201d,<\/em>&nbsp;completa Nayara.<\/p>\n\n\n\n<p class=\"wp-block-paragraph\">A escolha dos cinco espa\u00e7os que recebem a circula\u00e7\u00e3o faz parte do pr\u00f3prio conceito do projeto. A Trupe buscou descentralizar a programa\u00e7\u00e3o cultural e chegar a regi\u00f5es e comunidades que nem sempre t\u00eam o mesmo acesso \u00e0 oferta art\u00edstica concentrada nas \u00e1reas centrais de S\u00e3o Paulo. Tamb\u00e9m foram priorizados espa\u00e7os com forte atua\u00e7\u00e3o comunit\u00e1ria e territ\u00f3rios pr\u00f3ximos aos mestres convidados para participar das atividades.<\/p>\n\n\n\n<p class=\"wp-block-paragraph\"><em>\u201cA ideia \u00e9 abrir a roda para quem ainda n\u00e3o teve a oportunidade de chegar at\u00e9 o nosso trabalho. J\u00e1 circulamos bastante, inclusive por espa\u00e7os importantes como o Sesc, mas agora conseguimos escolher diretamente os territ\u00f3rios onde queremos estar. Queremos sair desse circuito mais centralizado e chegar \u00e0s fam\u00edlias, \u00e0s comunidades e aos lugares onde a cultura popular j\u00e1 est\u00e1 viva no cotidiano\u201d,<\/em>&nbsp;afirma Nayara.<\/p>\n\n\n\n<p class=\"wp-block-paragraph\">Para a artista, levar um espet\u00e1culo inspirado na cultura popular justamente para esses territ\u00f3rios tamb\u00e9m exige uma postura de escuta.&nbsp;<em>\u201cQuem vive e mant\u00e9m muito dessa cultura s\u00e3o justamente essas comunidades. Muitos dos mestres est\u00e3o nesses lugares. Ent\u00e3o chegamos com muito respeito, porque n\u00e3o estamos indo ensinar cultura popular para ningu\u00e9m. Estamos indo compartilhar o nosso trabalho e, principalmente, aprender e trocar com pessoas que j\u00e1 conhecem profundamente aquilo sobre o que estamos falando\u201d,<\/em>&nbsp;destaca.<\/p>\n\n\n\n<p class=\"wp-block-paragraph\">A circularidade que d\u00e1 nome e forma ao espet\u00e1culo, portanto, ganha ainda mais for\u00e7a nessa etapa.&nbsp;<em>\u201cO significado da roda n\u00e3o muda, ele se amplifica. Ciranda sempre falou de encontro, igualdade e coletividade, e agora conseguimos levar isso para novas regi\u00f5es e novas comunidades. Queremos que essa roda realmente esteja aberta para todo mundo\u201d,<\/em>&nbsp;diz.<\/p>\n\n\n\n<p class=\"wp-block-paragraph\">A programa\u00e7\u00e3o gratuita vai al\u00e9m das apresenta\u00e7\u00f5es de \u201cCiranda\u201d. A cada passagem, o projeto promove uma&nbsp;<strong>oficina de percuss\u00e3o<\/strong>, ministrada pelo m\u00fasico&nbsp;<strong>Gede\u00e3o Soares<\/strong>, voltada para participantes a partir de 12 anos. A atividade prop\u00f5e uma viv\u00eancia pr\u00e1tica com instrumentos e fundamentos r\u00edtmicos ligados \u00e0 cultura popular brasileira.<\/p>\n\n\n\n<p class=\"wp-block-paragraph\">Outro eixo \u00e9 a&nbsp;<strong>Ciranda dos Saberes<\/strong>, realizada ap\u00f3s os espet\u00e1culos. A atividade promove rodas de conversa com mestres da cultura popular e do circo, estimulando um di\u00e1logo intergeracional sobre mem\u00f3ria, tradi\u00e7\u00e3o, transmiss\u00e3o de conhecimento e os desafios da manuten\u00e7\u00e3o dessas manifesta\u00e7\u00f5es.<\/p>\n\n\n\n<p class=\"wp-block-paragraph\">A rela\u00e7\u00e3o dos convidados com os territ\u00f3rios foi um dos pontos considerados na constru\u00e7\u00e3o da programa\u00e7\u00e3o, refor\u00e7ando a proposta de aproximar a circula\u00e7\u00e3o das comunidades e de quem atua diretamente na preserva\u00e7\u00e3o e renova\u00e7\u00e3o desses saberes.<\/p>\n\n\n\n<p class=\"wp-block-paragraph\">Todas as apresenta\u00e7\u00f5es contar\u00e3o ainda com&nbsp;<strong>int\u00e9rprete de Libras integrada \u00e0 cena<\/strong>, acompanhando as m\u00fasicas e a movimenta\u00e7\u00e3o do espet\u00e1culo. O projeto tamb\u00e9m prev\u00ea uma exibi\u00e7\u00e3o virtual, que ser\u00e1 disponibilizada posteriormente pelas redes sociais dos espa\u00e7os parceiros, ampliando o acesso para quem n\u00e3o puder acompanhar a circula\u00e7\u00e3o presencialmente.<\/p>\n\n\n\n<p class=\"wp-block-paragraph\"><em>\u201cNosso desejo \u00e9 que as pessoas saiam entendendo a pot\u00eancia daquilo que \u00e9 nosso. A gente vive em um cen\u00e1rio em que muitas vezes as refer\u00eancias estrangeiras acabam sendo mais valorizadas, quando temos uma riqueza enorme na cultura popular brasileira e no nosso circo. \u2018Ciranda\u2019 \u00e9 uma homenagem a essa pot\u00eancia, mas tamb\u00e9m \u00e0 ideia de comunidade, de fazer junto, de olhar para o outro e entender que ningu\u00e9m constr\u00f3i nada sozinho\u201d,<\/em>&nbsp;resume Nayara.<\/p>\n\n\n\n<p class=\"wp-block-paragraph\">Idealizada pelas G\u00eameas Dias, a&nbsp;<strong>Trupe Cirand\u00e1<\/strong>&nbsp;nasceu do desejo de pesquisar, vivenciar e celebrar a cultura popular brasileira em suas m\u00faltiplas express\u00f5es. O coletivo re\u00fane artistas do circo e da m\u00fasica em um processo colaborativo e autoral que encontra na circularidade do picadeiro e das dan\u00e7as de roda seu principal ponto de conex\u00e3o.<\/p>\n\n\n\n<p class=\"wp-block-paragraph\">A companhia j\u00e1 passou por diversas unidades do Sesc S\u00e3o Paulo e Rio de Janeiro e integrou o&nbsp;<strong>Circuito Sesc de Artes 2025<\/strong>. Em 2026, al\u00e9m do Pr\u00eamio de Fomento ao Circo da Secretaria Municipal de Cultura de S\u00e3o Paulo, \u201cCiranda\u201d foi contemplado pelo&nbsp;<strong>Projeto Pulsar, do Sesc Rio de Janeiro<\/strong>.<\/p>\n\n\n\n<p class=\"wp-block-paragraph\">\u00c0 frente do coletivo est\u00e3o&nbsp;<strong>Nath\u00e1lia e Nayara Dias<\/strong>, que completam&nbsp;<strong>21 anos de trajet\u00f3ria art\u00edstica<\/strong>. As G\u00eameas Dias iniciaram seus estudos como acrobatas a\u00e9reas em S\u00e3o Bernardo do Campo e, desde ent\u00e3o, constru\u00edram uma carreira que atravessa circo, dan\u00e7a, teatro e m\u00fasica.<\/p>\n\n\n\n<p class=\"wp-block-paragraph\">A dupla passou por temporadas internacionais na rede de hot\u00e9is TUI Entertainment, na Turquia e no Egito, e pelo circo italiano Rony Roller. No Brasil, integrou espet\u00e1culos de companhias como&nbsp;<strong>Cia. Di\u00e1logos Acrob\u00e1ticos, Parlapat\u00f5es, Circo Vox e Universo Casuo<\/strong>, al\u00e9m de turn\u00eas de&nbsp;<strong>O Teatro M\u00e1gico<\/strong>. Em 2022, as artistas protagonizaram as personagens Uirapuru e Nhanderuvussu no espet\u00e1culo musical&nbsp;<strong>\u201cUirapuru\u201d<\/strong>, apresentado no Rock in Rio, sob dire\u00e7\u00e3o art\u00edstica de Kiko Caldas.<\/p>\n\n\n\n<p class=\"wp-block-paragraph\">Para 2027, a Trupe j\u00e1 come\u00e7a a pesquisar os caminhos de um novo espet\u00e1culo, mantendo a cultura popular como eixo central, mas voltando o olhar para manifesta\u00e7\u00f5es ligadas ao litoral e \u00e0s \u00e1guas.<\/p>\n\n\n\n<p class=\"wp-block-paragraph\"><em>\u201cEntendemos que \u2018Ciranda\u2019 j\u00e1 teve uma trajet\u00f3ria muito bonita e circulou bastante. Agora queremos come\u00e7ar a pesquisar um novo espet\u00e1culo, ainda com esse elenco e com a cultura popular como ess\u00eancia, mas talvez mergulhando nos ritmos do litoral, nas \u00e1guas e nos seres das \u00e1guas. Queremos tamb\u00e9m chegar mais perto da ciranda em sua origem, ir at\u00e9 Itamarac\u00e1 e aprofundar essa pesquisa. Ainda estamos come\u00e7ando a entender esse pr\u00f3ximo passo, mas sentimos que h\u00e1 um caminho muito bonito pela frente\u201d,<\/em>&nbsp;adianta Nayara.<\/p>\n\n\n\n<h3 class=\"wp-block-heading\"><strong>Servi\u00e7o \u2013 \u201cCIRANDA\u201d | G\u00caMEAS DIAS E TRUPE CIRAND\u00c1<\/strong><\/h3>\n\n\n\n<p class=\"wp-block-paragraph\"><strong>04 de setembro (sexta-feira), \u00e0s 14h30<\/strong><br>CEU Campo Limpo, Campo Limpo<br>Convidadas:\u00a0<strong>Mestra Sol e Erica Stopel<\/strong><\/p>\n\n\n\n<p class=\"wp-block-paragraph\"><strong>30 de setembro (quarta-feira), \u00e0s 19h<\/strong><br>Casa Capu\u00eara Novo Mundo, Parque Novo Mundo<br>Convidado:\u00a0<strong>Milan<\/strong><\/p>\n\n\n\n<p class=\"wp-block-paragraph\"><strong>02 de outubro (sexta-feira), \u00e0s 19h<\/strong><br>Casa Cultural Querosene, Morro do Querosene<br>Convidada:\u00a0<strong>Elsa Wolf<\/strong><\/p>\n\n\n\n<p class=\"wp-block-paragraph\"><strong>03 de outubro (s\u00e1bado), \u00e0s 17h<\/strong><br>Comunidade Cultural Quilombaque, Perus<br>Convidados:\u00a0<strong>Vitor Trindade e Paola Musati<\/strong><\/p>\n\n\n\n<p class=\"wp-block-paragraph\"><strong>25 de outubro (domingo), \u00e0s 16h<\/strong><br>Casa Mestre Ananias, Bela Vista<br>Convidados:\u00a0<strong>Minhoca e Claudio Santos<\/strong><\/p>\n\n\n\n<p class=\"wp-block-paragraph\"><strong>Entrada gratuita<br>Dura\u00e7\u00e3o:<\/strong>&nbsp;50 minutos<br><strong>Classifica\u00e7\u00e3o:<\/strong>&nbsp;Livre<\/p>\n","protected":false},"excerpt":{"rendered":"<p>A&nbsp;Trupe Cirand\u00e1, coletivo art\u00edstico idealizado pelas irm\u00e3s&nbsp;Nath\u00e1lia e Nayara Dias, as&nbsp;G\u00eameas Dias, inicia em setembro uma nova circula\u00e7\u00e3o de&nbsp;\u201cCiranda\u201d, espet\u00e1culo circense-musical que celebra a [&hellip;]<\/p>\n","protected":false},"author":3,"featured_media":6276,"comment_status":"closed","ping_status":"","sticky":false,"template":"","format":"standard","meta":{"footnotes":""},"categories":[262],"tags":[],"class_list":["post-6273","post","type-post","status-publish","format-standard","has-post-thumbnail","hentry","category-teatro"],"_links":{"self":[{"href":"https:\/\/vitrinedafama.com.br\/index.php\/wp-json\/wp\/v2\/posts\/6273","targetHints":{"allow":["GET"]}}],"collection":[{"href":"https:\/\/vitrinedafama.com.br\/index.php\/wp-json\/wp\/v2\/posts"}],"about":[{"href":"https:\/\/vitrinedafama.com.br\/index.php\/wp-json\/wp\/v2\/types\/post"}],"author":[{"embeddable":true,"href":"https:\/\/vitrinedafama.com.br\/index.php\/wp-json\/wp\/v2\/users\/3"}],"replies":[{"embeddable":true,"href":"https:\/\/vitrinedafama.com.br\/index.php\/wp-json\/wp\/v2\/comments?post=6273"}],"version-history":[{"count":2,"href":"https:\/\/vitrinedafama.com.br\/index.php\/wp-json\/wp\/v2\/posts\/6273\/revisions"}],"predecessor-version":[{"id":6278,"href":"https:\/\/vitrinedafama.com.br\/index.php\/wp-json\/wp\/v2\/posts\/6273\/revisions\/6278"}],"wp:featuredmedia":[{"embeddable":true,"href":"https:\/\/vitrinedafama.com.br\/index.php\/wp-json\/wp\/v2\/media\/6276"}],"wp:attachment":[{"href":"https:\/\/vitrinedafama.com.br\/index.php\/wp-json\/wp\/v2\/media?parent=6273"}],"wp:term":[{"taxonomy":"category","embeddable":true,"href":"https:\/\/vitrinedafama.com.br\/index.php\/wp-json\/wp\/v2\/categories?post=6273"},{"taxonomy":"post_tag","embeddable":true,"href":"https:\/\/vitrinedafama.com.br\/index.php\/wp-json\/wp\/v2\/tags?post=6273"}],"curies":[{"name":"wp","href":"https:\/\/api.w.org\/{rel}","templated":true}]}}