{"id":6272,"date":"2026-09-03T11:26:00","date_gmt":"2026-09-03T14:26:00","guid":{"rendered":"https:\/\/vitrinedafama.com.br\/index.php\/2026\/09\/03\/grupo-trio-completa-30-anos-e-investe-em-novo-espaco-para-eventos-em-sp\/"},"modified":"2026-09-03T11:26:00","modified_gmt":"2026-09-03T14:26:00","slug":"grupo-trio-completa-30-anos-e-investe-em-novo-espaco-para-eventos-em-sp","status":"publish","type":"post","link":"https:\/\/vitrinedafama.com.br\/index.php\/2026\/09\/03\/grupo-trio-completa-30-anos-e-investe-em-novo-espaco-para-eventos-em-sp\/","title":{"rendered":"Grupo TRIO completa 30 anos e investe em novo espa\u00e7o para eventos em SP"},"content":{"rendered":"<p style=\"font-style:italic;font-size:1.1em;margin-bottom:1em\">Empresa lan\u00e7a o TRIVENTO, na Bela Vista, e projeta crescimento de 20% em 2026 apostando em gest\u00e3o de espa\u00e7os premium, gastronomia autoral e hospitalidade<\/p>\n<p>O Grupo TRIO, especializado na gest\u00e3o de espa\u00e7os premium para eventos corporativos e sociais, completa 30 anos de atua\u00e7\u00e3o com um novo investimento com a chegada do TRIVENTO, empreendimento que a empresa acaba de lan\u00e7ar na Bela Vista, em S\u00e3o Paulo.<\/p>\n<p style=\"text-align: justify\">O grupo realizou mais de 500 eventos no \u00faltimo ano e projeta crescimento de cerca de 20% em 2026. Hoje opera 11 espa\u00e7os premium na capital paulista, al\u00e9m de dois restaurantes \u00e0 la carte, com mais de 150 colaboradores diretos.<\/p>\n<p style=\"text-align: justify\">&#8220;Para chegar a esses 30 anos, eu falo em investimento cont\u00ednuo. A gente n\u00e3o para de investir, porque, se parar, fica para tr\u00e1s&#8221;, diz Eduardo Linhares, economista, cofundador do grupo e respons\u00e1vel pela estrat\u00e9gia e expans\u00e3o da companhia.<\/p>\n<p style=\"text-align: justify\"><strong>Um mercado mais exigente<\/strong><\/p>\n<p style=\"text-align: justify\">A trajet\u00f3ria do Grupo TRIO acompanha a transforma\u00e7\u00e3o do setor de eventos no pa\u00eds, hoje mais dependente de suporte operacional, atendimento consultivo e antecipa\u00e7\u00e3o de riscos, sobretudo em eventos corporativos. Segundo Eduardo, isso exige atualiza\u00e7\u00e3o constante.<\/p>\n<p style=\"text-align: justify\">&#8220;O mundo muda, a tecnologia muda, e precisamos acompanhar tudo o que est\u00e1 dispon\u00edvel no universo dos eventos. \u00c9 assim que conseguimos manter o cliente bem atendido&#8221;, afirma.<\/p>\n<p style=\"text-align: justify\">O mercado de eventos no Brasil movimenta mais de R$ 300 bilh\u00f5es por ano, segundo estimativas do setor, enquanto o mercado global deve superar US$ 1,3 trilh\u00e3o at\u00e9 2028. O crescimento tamb\u00e9m \u00e9 impulsionado por incorporadoras e gestores de ativos, que buscam formas de monetizar espa\u00e7os corporativos al\u00e9m da loca\u00e7\u00e3o tradicional.<\/p>\n<p style=\"text-align: justify\">&#8220;Nosso foco \u00e9 transformar espa\u00e7os com potencial em plataformas de relacionamento e gera\u00e7\u00e3o de receita, conectando eventos, gastronomia e ocupa\u00e7\u00e3o estrat\u00e9gica&#8221;, diz Eduardo.<\/p>\n<p style=\"text-align: justify\"><strong>Crescer sem perder a identidade<\/strong><\/p>\n<p style=\"text-align: justify\">Para os s\u00f3cios, sustentar a expans\u00e3o sem comprometer a qualidade do servi\u00e7o passou pelo investimento em treinamento, processos internos e cultura organizacional. Mara Linhares, s\u00f3cia-fundadora e respons\u00e1vel pela cultura de hospitalidade da empresa, resume seu papel como o de guardi\u00e3 desse padr\u00e3o.<\/p>\n<p style=\"text-align: justify\">&#8220;Minha principal fun\u00e7\u00e3o \u00e9 n\u00e3o deixar mudar o tom que sempre quisemos dar ao Grupo TRIO: excel\u00eancia no atendimento, na est\u00e9tica, na decora\u00e7\u00e3o e na gastronomia&#8221;, afirma.<\/p>\n<p style=\"text-align: justify\">Ela defende que o cuidado come\u00e7a dentro de casa. &#8220;Investimos muito em treinamento e processos, mas sem perder o lado humano. Cuidamos das pessoas internamente e isso se reflete no cuidado com os clientes.&#8221; Mesmo com o avan\u00e7o da intelig\u00eancia artificial no setor, Mara considera o fator humano insubstitu\u00edvel: &#8220;Usamos tecnologia como todo mundo usa. Mas trabalhamos com encontros, sonhos e conex\u00e3o, e isso depende de pessoas&#8221;.<\/p>\n<p style=\"text-align: justify\">Monique Katz, s\u00f3cia respons\u00e1vel pela gest\u00e3o estrat\u00e9gica do neg\u00f3cio, resume a estrutura que sustentou o crescimento recente em tr\u00eas pilares: processos, cultura e dados. &#8220;Quando crescemos em escala, precisamos de padr\u00f5es muito claros para que toda a equipe entregue o mesmo n\u00edvel de qualidade&#8221;, diz. Segundo ela, isso n\u00e3o significa padronizar a experi\u00eancia do cliente: &#8220;Nosso diferencial \u00e9 entender profundamente o prop\u00f3sito do evento e personalizar a entrega sem abrir m\u00e3o da excel\u00eancia&#8221;.<\/p>\n<p style=\"text-align: justify\"><strong>A gastronomia como ponto de partida<\/strong><\/p>\n<p style=\"text-align: justify\">Apesar de hoje operar m\u00faltiplos espa\u00e7os para eventos corporativos e sociais, o Grupo TRIO nasceu ligado \u00e0 gastronomia e o setor continua central na estrat\u00e9gia da empresa. &#8220;A gastronomia est\u00e1 no nosso DNA. O TRIO nasceu da gastronomia&#8221;, refor\u00e7a Mara.<\/p>\n<p style=\"text-align: justify\">Os menus s\u00e3o desenvolvidos de forma autoral e variam conforme o perfil de cada evento. &#8220;Dependendo do objetivo do evento, o menu muda. Um evento de networking pede uma din\u00e2mica diferente de um evento familiar&#8221;, explica Monique, para quem o servi\u00e7o completo em gastronomia de excel\u00eancia tem papel direto na mem\u00f3ria que os convidados levam de um evento.<\/p>\n<p style=\"text-align: justify\"><strong>O novo espa\u00e7o<\/strong><\/p>\n<p style=\"text-align: justify\">Com cerca de 1.100 m\u00b2 e capacidade para at\u00e9 600 pessoas, o TRIVENTO foi projetado para receber conven\u00e7\u00f5es, lan\u00e7amentos de marca, encontros institucionais e eventos sociais de m\u00e9dio e grande porte. \u00c9 o primeiro passo de um ciclo de expans\u00e3o que deve incluir novos projetos ao longo de 2026, segundo os s\u00f3cios.<\/p>\n<p style=\"text-align: justify\">&#8220;Esse projeto responde a uma demanda por espa\u00e7os diferenciados na cidade e refor\u00e7a nosso crescimento mantendo o padr\u00e3o de excel\u00eancia que j\u00e1 entregamos em todos os espa\u00e7os do Grupo TRIO&#8221;, diz Eduardo.<\/p>\n<p style=\"text-align: justify\"><strong>Crescimento e expans\u00e3o com planejamento<\/strong><\/p>\n<p style=\"text-align: justify\">Apesar dos planos de expans\u00e3o, os s\u00f3cios afirmam manter princ\u00edpios considerados inegoci\u00e1veis, ligados a seguran\u00e7a, reputa\u00e7\u00e3o e qualidade operacional, o que a empresa chama internamente de &#8220;sim controlado&#8221;.<\/p>\n<p style=\"text-align: justify\">&#8220;Evento n\u00e3o pode dar errado. A gente n\u00e3o cresce a qualquer custo; cresce sabendo que a entrega n\u00e3o pode ser comprometida&#8221;, resume Mara. Monique completa: &#8220;Existem alguns &#8216;n\u00e3os&#8217; inegoci\u00e1veis: colocar pessoas em risco, colocar a marca em risco ou comprometer a excel\u00eancia.&#8221;<\/p>\n<p style=\"text-align: justify\">Entre os diferenciais da opera\u00e7\u00e3o, a empresa cita a escolha de espa\u00e7os em pr\u00e9dios corporativos, com vantagens log\u00edsticas e de seguran\u00e7a, al\u00e9m de rooftops e helipontos usados em celebra\u00e7\u00f5es e ensaios fotogr\u00e1ficos. O grupo tamb\u00e9m mant\u00e9m parcerias com incorporadoras, investidores e gestoras do setor imobili\u00e1rio para ampliar sua atua\u00e7\u00e3o.<\/p>\n<p style=\"text-align: justify\"><strong>Sobre o Grupo TRIO<\/strong><\/p>\n<p style=\"text-align: justify\">Com mais de 30 anos de atua\u00e7\u00e3o, o Grupo TRIO \u00e9 especializado na gest\u00e3o de espa\u00e7os, eventos e gastronomia. Fundado por Eduardo e Mara Linhares, o grupo passou a contar tamb\u00e9m com Monique Katz na sociedade, executiva que atua h\u00e1 16 anos na empresa e ajudou a estruturar a opera\u00e7\u00e3o de eventos. Os tr\u00eas s\u00f3cios lideram hoje a expans\u00e3o do grupo, com foco em gest\u00e3o de espa\u00e7os, gastronomia e cultura organizacional.&nbsp;<\/p>\n<p>Informa\u00e7\u00f5es \u00e0 imprensa &#8211; Ag\u00eancia Viva<\/p>\n<p>Renata Nascimento &#8211; <a rel=\"nofollow\" target=\"_blank\" href=\"mailto:renata@agenciaviva.com\">renata@agenciaviva.com<\/a><\/p>\n<p>Andressa Bregalanti &#8211; <a rel=\"nofollow\" target=\"_blank\" href=\"mailto:andressa@agenciaviva.com\">andressa@agenciaviva.com<\/a><\/p>\n<p>&nbsp;<\/p>\n<p><img loading=\"lazy\" decoding=\"async\" src=\"https:\/\/us-central1-pulsebrand-plataforma.cloudfunctions.net\/trackPixel?c=60f37334-eb46-4ea7-9617-eec9a8a47589&amp;v=8a5464c2-51ac-409d-b81d-10e349deb514&amp;p=881a33ed-2087-45c5-80f1-767341edd15c\" width=\"1\" height=\"1\" alt=\"\" style=\"display:none\" \/><\/p>\n","protected":false},"excerpt":{"rendered":"<p>Empresa lan\u00e7a o TRIVENTO, na Bela Vista, e projeta crescimento de 20% em 2026 apostando em gest\u00e3o de espa\u00e7os premium, gastronomia autoral e hospitalidade<\/p>\n","protected":false},"author":3647118390,"featured_media":6271,"comment_status":"","ping_status":"","sticky":false,"template":"","format":"standard","meta":{"footnotes":""},"categories":[3],"tags":[],"class_list":["post-6272","post","type-post","status-publish","format-standard","has-post-thumbnail","hentry","category-geral"],"_links":{"self":[{"href":"https:\/\/vitrinedafama.com.br\/index.php\/wp-json\/wp\/v2\/posts\/6272","targetHints":{"allow":["GET"]}}],"collection":[{"href":"https:\/\/vitrinedafama.com.br\/index.php\/wp-json\/wp\/v2\/posts"}],"about":[{"href":"https:\/\/vitrinedafama.com.br\/index.php\/wp-json\/wp\/v2\/types\/post"}],"author":[{"embeddable":true,"href":"https:\/\/vitrinedafama.com.br\/index.php\/wp-json\/wp\/v2\/users\/3647118390"}],"replies":[{"embeddable":true,"href":"https:\/\/vitrinedafama.com.br\/index.php\/wp-json\/wp\/v2\/comments?post=6272"}],"version-history":[{"count":0,"href":"https:\/\/vitrinedafama.com.br\/index.php\/wp-json\/wp\/v2\/posts\/6272\/revisions"}],"wp:featuredmedia":[{"embeddable":true,"href":"https:\/\/vitrinedafama.com.br\/index.php\/wp-json\/wp\/v2\/media\/6271"}],"wp:attachment":[{"href":"https:\/\/vitrinedafama.com.br\/index.php\/wp-json\/wp\/v2\/media?parent=6272"}],"wp:term":[{"taxonomy":"category","embeddable":true,"href":"https:\/\/vitrinedafama.com.br\/index.php\/wp-json\/wp\/v2\/categories?post=6272"},{"taxonomy":"post_tag","embeddable":true,"href":"https:\/\/vitrinedafama.com.br\/index.php\/wp-json\/wp\/v2\/tags?post=6272"}],"curies":[{"name":"wp","href":"https:\/\/api.w.org\/{rel}","templated":true}]}}