{"id":6270,"date":"2026-09-02T23:25:00","date_gmt":"2026-09-03T02:25:00","guid":{"rendered":"https:\/\/vitrinedafama.com.br\/index.php\/2026\/09\/02\/anitta-volta-a-brasilia-com-os-ensaios-da-anitta-em-janeiro-de-2027\/"},"modified":"2026-09-02T23:25:00","modified_gmt":"2026-09-03T02:25:00","slug":"anitta-volta-a-brasilia-com-os-ensaios-da-anitta-em-janeiro-de-2027","status":"publish","type":"post","link":"https:\/\/vitrinedafama.com.br\/index.php\/2026\/09\/02\/anitta-volta-a-brasilia-com-os-ensaios-da-anitta-em-janeiro-de-2027\/","title":{"rendered":"Anitta volta a Bras\u00edlia com os \u201cEnsaios da Anitta\u201d em janeiro de 2027"},"content":{"rendered":"<p><span style=\"font-size:15px\" ;=\"\"><span ;=\"\"><span style=\"color:#000000;\">Os Ensaios da Anitta j\u00e1 t\u00eam data marcada para voltar a Bras\u00edlia. Pelo quinto ano consecutivo, a cantora desembarca na capital federal para uma das principais festas do ver\u00e3o brasileiro. A apresenta\u00e7\u00e3o ser\u00e1 realizada em 17 de janeiro de 2027, no Estacionamento da Arena Man\u00e9 Garrincha, com produ\u00e7\u00e3o local do Grupo R2.<\/span><\/span><\/span><\/p>\n<p><span style=\"font-size:15px\" ;=\"\"><span style=\"color:#000000;\">A venda geral dos ingressos come\u00e7a nesta quarta-feira (2), \u00e0s 18h, ap\u00f3s a pr\u00e9-venda exclusiva para clientes com cart\u00f5es de cr\u00e9dito Mercado Pago se esgotar em poucas horas. Os ingressos e outras informa\u00e7\u00f5es est\u00e3o dispon\u00edveis no site oficial da turn\u00ea.<\/span><\/span><\/p>\n<p><span style=\"font-size:15px\" ;=\"\"><span style=\"color:#000000;\">Em 2027, a temporada dos Ensaios ser\u00e1 guiada pelo tema \u201c\u00c9 Festa no Brasil!\u201d, que prop\u00f5e uma celebra\u00e7\u00e3o das festas populares e das manifesta\u00e7\u00f5es culturais espalhadas pelo pa\u00eds. A ideia \u00e9 aproveitar o per\u00edodo pr\u00e9-carnavalesco para destacar diferentes tradi\u00e7\u00f5es brasileiras e apresentar ao p\u00fablico uma leitura da diversidade cultural do pa\u00eds.<\/span><\/span><br \/>\n<!--\/data\/user\/0\/com.samsung.android.app.notes\/files\/clipdata\/clipdata_bodytext_260902_232247_708.sdocx--><\/p>\n","protected":false},"excerpt":{"rendered":"<p>Os Ensaios da Anitta j\u00e1 t\u00eam data marcada para voltar a Bras\u00edlia. Pelo quinto ano consecutivo, a cantora desembarca na capital federal para uma [&hellip;]<\/p>\n","protected":false},"author":1,"featured_media":6269,"comment_status":"","ping_status":"","sticky":false,"template":"","format":"standard","meta":{"footnotes":""},"categories":[6],"tags":[],"class_list":["post-6270","post","type-post","status-publish","format-standard","has-post-thumbnail","hentry","category-musica"],"_links":{"self":[{"href":"https:\/\/vitrinedafama.com.br\/index.php\/wp-json\/wp\/v2\/posts\/6270","targetHints":{"allow":["GET"]}}],"collection":[{"href":"https:\/\/vitrinedafama.com.br\/index.php\/wp-json\/wp\/v2\/posts"}],"about":[{"href":"https:\/\/vitrinedafama.com.br\/index.php\/wp-json\/wp\/v2\/types\/post"}],"author":[{"embeddable":true,"href":"https:\/\/vitrinedafama.com.br\/index.php\/wp-json\/wp\/v2\/users\/1"}],"replies":[{"embeddable":true,"href":"https:\/\/vitrinedafama.com.br\/index.php\/wp-json\/wp\/v2\/comments?post=6270"}],"version-history":[{"count":0,"href":"https:\/\/vitrinedafama.com.br\/index.php\/wp-json\/wp\/v2\/posts\/6270\/revisions"}],"wp:featuredmedia":[{"embeddable":true,"href":"https:\/\/vitrinedafama.com.br\/index.php\/wp-json\/wp\/v2\/media\/6269"}],"wp:attachment":[{"href":"https:\/\/vitrinedafama.com.br\/index.php\/wp-json\/wp\/v2\/media?parent=6270"}],"wp:term":[{"taxonomy":"category","embeddable":true,"href":"https:\/\/vitrinedafama.com.br\/index.php\/wp-json\/wp\/v2\/categories?post=6270"},{"taxonomy":"post_tag","embeddable":true,"href":"https:\/\/vitrinedafama.com.br\/index.php\/wp-json\/wp\/v2\/tags?post=6270"}],"curies":[{"name":"wp","href":"https:\/\/api.w.org\/{rel}","templated":true}]}}