{"id":6268,"date":"2026-09-02T17:04:32","date_gmt":"2026-09-02T20:04:32","guid":{"rendered":"https:\/\/vitrinedafama.com.br\/index.php\/2026\/09\/02\/a-rodovia-que-liga-os-maiores-mercados-do-carro-eletrico-ainda-nao-tem-rede-de-recarga-propria\/"},"modified":"2026-09-02T17:04:32","modified_gmt":"2026-09-02T20:04:32","slug":"a-rodovia-que-liga-os-maiores-mercados-do-carro-eletrico-ainda-nao-tem-rede-de-recarga-propria","status":"publish","type":"post","link":"https:\/\/vitrinedafama.com.br\/index.php\/2026\/09\/02\/a-rodovia-que-liga-os-maiores-mercados-do-carro-eletrico-ainda-nao-tem-rede-de-recarga-propria\/","title":{"rendered":"A rodovia que liga os maiores mercados do carro el\u00e9trico ainda n\u00e3o tem rede de recarga pr\u00f3pria"},"content":{"rendered":"<p style=\"font-style:italic;font-size:1.1em;margin-bottom:1em\">As regi\u00f5es Sudeste e Sul concentram a frota eletrificada do pa\u00eds, e seus principais mercados s\u00e3o costurados por uma mesma rodovia, a BR-101, que passa pelo porto por onde os carros chegam. \u00c9 por esses mercados que a Rota BR 101 come\u00e7a a implantar sua rede de eletropostos pr\u00f3prios<\/p>\n<p>O Brasil emplacou 215.023 ve\u00edculos eletrificados no primeiro semestre de 2026, alta de 125% sobre o mesmo per\u00edodo de 2025, segundo a ABVE (Associa\u00e7\u00e3o Brasileira do Ve\u00edculo El\u00e9trico). O crescimento \u00e9 nacional, mas o mapa \u00e9 concentrado: S\u00e3o Paulo respondeu sozinho por 28,7% das vendas do semestre (61.629 unidades), seguido pelo Distrito Federal, por Minas Gerais e pelo Paran\u00e1 (todos com 6,8%) e pelo Rio de Janeiro (6,0%). No acumulado do ano, o Sudeste det\u00e9m 44,2% do mercado e o Sul, 18,9%. O Esp\u00edrito Santo, 11\u00ba em volume, \u00e9 o quarto estado em vendas por habitante.<\/p>\n<p>Quatro dos cinco maiores mercados regionais do carro el\u00e9trico, e o litoral inteiro entre eles, t\u00eam um eixo em comum: a BR-101. A rodovia costura 4.658 quil\u00f4metros de costa e conecta 12 capitais, cruzando S\u00e3o Paulo, Rio, Paran\u00e1, Santa Catarina, Rio Grande do Sul e Esp\u00edrito Santo. \u00c9 tamb\u00e9m por ela que a frota chega: em junho, o navio BYD Changsha desembarcou 7.216 ve\u00edculos el\u00e9tricos e h\u00edbridos no porto de Itaja\u00ed (SC), a maior opera\u00e7\u00e3o automotiva do terminal em 2026, que somou 15.496 ve\u00edculos movimentados no primeiro semestre. Os carros entram pelo litoral e rodam pelo corredor.<\/p>\n<p>A infraestrutura de recarga n\u00e3o acompanhou o desenho. O pa\u00eds chegou a 25.429 <a rel=\"nofollow\" target=\"_blank\" href=\"https:\/\/rotabr101.com.br\/\">eletropostos<\/a> p\u00fablicos e semip\u00fablicos em junho, com 34% de carregadores r\u00e1pidos (DC), mas a propor\u00e7\u00e3o de 19,9 ve\u00edculos plug-in por ponto p\u00fablico, segundo ABVE e Tupi Mobilidade, \u00e9 quase o dobro da refer\u00eancia de 10 para 1 considerada ideal pelo setor. A rede se adensou nas cidades, e a rodovia ficou para depois: no trecho da BR-101 sob concess\u00e3o entre o Esp\u00edrito Santo e o sul da Bahia, a estrutura instalada pela concession\u00e1ria Eco101 (EcoRodovias) resume-se a seis totens de recarga lenta de emerg\u00eancia nas bases de atendimento. A demanda por informa\u00e7\u00e3o confirma onde est\u00e1 a press\u00e3o: as buscas por &#8220;eletroposto&#8221; no Google cresceram 309% em 12 meses, com Paran\u00e1, Santa Catarina, S\u00e3o Paulo e Rio Grande do Sul entre os cinco estados que mais pesquisaram, segundo a Descarbonize Solu\u00e7\u00f5es.<\/p>\n<p>\u00c9 nesse corredor que a <a rel=\"nofollow\" target=\"_blank\" href=\"https:\/\/rotabr101.com.br\/\">Rota BR 101<\/a>, empresa que estrutura uma rede de eletropostos pr\u00f3prios ao longo da rodovia, desenhou sua primeira etapa: 20 unidades, com 100 carregadores DC de 120 kW, 200 conectores e 12 MW de pot\u00eancia nominal instalada. A ordem de implanta\u00e7\u00e3o segue a frota. A rede entra pelos mercados de maior densidade, nas regi\u00f5es Sudeste e Sul, onde a opera\u00e7\u00e3o valida o modelo, e avan\u00e7a pelo litoral. No trecho entre a Bahia e o Esp\u00edrito Santo, onde a frota \u00e9 menor mas o v\u00e3o de cobertura \u00e9 o maior do corredor, a etapa inicial prev\u00ea presen\u00e7a estrat\u00e9gica, e a densidade acompanha a demanda.<\/p>\n<p>&#8220;Come\u00e7amos onde a frota est\u00e1 e onde a demanda j\u00e1 sustenta opera\u00e7\u00e3o. A BR-101 liga os maiores mercados do carro el\u00e9trico do pa\u00eds, e \u00e9 por eles que a rede entra. O litoral entre a Bahia e o Esp\u00edrito Santo \u00e9 a fronteira que a expans\u00e3o alcan\u00e7a&#8221;, afirma Victor Rabelo, s\u00f3cio fundador e diretor de expans\u00e3o da Rota BR 101.<\/p>\n<p>O modelo econ\u00f4mico explica por que a densidade importa mais que o v\u00e3o. Cada unidade opera 24 horas em cerca de 3.000 m\u00b2, com cinco carregadores, conveni\u00eancia e cafeteria integradas, \u00e1rea de perman\u00eancia e pain\u00e9is de m\u00eddia digital, e foi desenhada para receber tamb\u00e9m quem n\u00e3o est\u00e1 carregando: o cen\u00e1rio-base da companhia projeta 150 clientes passantes por dia em cada unidade, 3.000 por dia na rede inicial. A recarga gera o fluxo; a perman\u00eancia sustenta as demais receitas. O plano de expans\u00e3o prev\u00ea 200 unidades, todas constru\u00eddas do zero, sem adapta\u00e7\u00e3o de postos de combust\u00edvel, cuja desativa\u00e7\u00e3o enfrenta licenciamento longo.<\/p>\n<p>&#8220;O eletroposto n\u00e3o \u00e9 exclusivo do carro el\u00e9trico. A conveni\u00eancia recebe todos os p\u00fablicos da rodovia: a recarga \u00e9 o que garante o fluxo, n\u00e3o o que limita&#8221;, diz Victor Rabelo.<\/p>\n<p>O argumento de tempo fecha a conta. Estudo da C40 Cities com a IFC, apoiado pela ABVE, estima cerca de R$ 5 bilh\u00f5es em investimentos em infraestrutura de recarga necess\u00e1rios no Brasil at\u00e9 2035. Enquanto a rede nacional se adensa dentro das cidades, a rodovia que liga os maiores mercados do carro el\u00e9trico segue sem rede pr\u00f3pria, e quem chegar primeiro ao corredor define onde a frota vai parar.<\/p>\n<p><img loading=\"lazy\" decoding=\"async\" src=\"https:\/\/us-central1-pulsebrand-plataforma.cloudfunctions.net\/trackPixel?c=080e4adc-d0e2-4506-a12c-79512aa12437&amp;v=d71d0695-b905-4c7f-ae28-2237d446622a&amp;p=881a33ed-2087-45c5-80f1-767341edd15c\" width=\"1\" height=\"1\" alt=\"\" style=\"display:none\" \/><\/p>\n","protected":false},"excerpt":{"rendered":"<p>As regi\u00f5es Sudeste e Sul concentram a frota eletrificada do pa\u00eds, e seus principais mercados s\u00e3o costurados por uma mesma rodovia, a BR-101, que passa pelo porto por onde os carros chegam. \u00c9 por esses mercados que a Rota BR 101 come\u00e7a a implantar sua rede de eletropostos pr\u00f3prios<\/p>\n","protected":false},"author":3647118390,"featured_media":6267,"comment_status":"","ping_status":"","sticky":false,"template":"","format":"standard","meta":{"footnotes":""},"categories":[3],"tags":[],"class_list":["post-6268","post","type-post","status-publish","format-standard","has-post-thumbnail","hentry","category-geral"],"_links":{"self":[{"href":"https:\/\/vitrinedafama.com.br\/index.php\/wp-json\/wp\/v2\/posts\/6268","targetHints":{"allow":["GET"]}}],"collection":[{"href":"https:\/\/vitrinedafama.com.br\/index.php\/wp-json\/wp\/v2\/posts"}],"about":[{"href":"https:\/\/vitrinedafama.com.br\/index.php\/wp-json\/wp\/v2\/types\/post"}],"author":[{"embeddable":true,"href":"https:\/\/vitrinedafama.com.br\/index.php\/wp-json\/wp\/v2\/users\/3647118390"}],"replies":[{"embeddable":true,"href":"https:\/\/vitrinedafama.com.br\/index.php\/wp-json\/wp\/v2\/comments?post=6268"}],"version-history":[{"count":0,"href":"https:\/\/vitrinedafama.com.br\/index.php\/wp-json\/wp\/v2\/posts\/6268\/revisions"}],"wp:featuredmedia":[{"embeddable":true,"href":"https:\/\/vitrinedafama.com.br\/index.php\/wp-json\/wp\/v2\/media\/6267"}],"wp:attachment":[{"href":"https:\/\/vitrinedafama.com.br\/index.php\/wp-json\/wp\/v2\/media?parent=6268"}],"wp:term":[{"taxonomy":"category","embeddable":true,"href":"https:\/\/vitrinedafama.com.br\/index.php\/wp-json\/wp\/v2\/categories?post=6268"},{"taxonomy":"post_tag","embeddable":true,"href":"https:\/\/vitrinedafama.com.br\/index.php\/wp-json\/wp\/v2\/tags?post=6268"}],"curies":[{"name":"wp","href":"https:\/\/api.w.org\/{rel}","templated":true}]}}