{"id":6264,"date":"2026-09-02T15:05:57","date_gmt":"2026-09-02T18:05:57","guid":{"rendered":"https:\/\/vitrinedafama.com.br\/index.php\/2026\/09\/02\/cota-reaberta-no-inpi-marketplace-disputa-prioridade-no-registro-de-marca\/"},"modified":"2026-09-02T15:05:57","modified_gmt":"2026-09-02T18:05:57","slug":"cota-reaberta-no-inpi-marketplace-disputa-prioridade-no-registro-de-marca","status":"publish","type":"post","link":"https:\/\/vitrinedafama.com.br\/index.php\/2026\/09\/02\/cota-reaberta-no-inpi-marketplace-disputa-prioridade-no-registro-de-marca\/","title":{"rendered":"Cota reaberta no INPI: marketplace disputa prioridade no registro de marca"},"content":{"rendered":"<p style=\"font-style:italic;font-size:1.1em;margin-bottom:1em\">Reabertura da cota quadrimestral do INPI recoloca em disputa as vagas que aceleram o exame de marcas, e o advogado Vinicius Augusto Del Rio aponta onde os pedidos caem<\/p>\n<p>A disputa por prioridade no exame de marcas foi reaberta. Desde 1\u00ba de setembro, o INPI (Instituto Nacional da Propriedade Industrial) voltou a emitir a guia do tr\u00e2mite priorit\u00e1rio nas modalidades que estavam bloqueadas desde o esgotamento da cota do quadrimestre anterior.<\/p>\n<p>A regra est\u00e1 na Portaria Normativa INPI\/PR n\u00ba 67, de 10 de abril de 2026. Ela dividiu tr\u00eas mil requerimentos da fase II do projeto-piloto em dois quadrimestres de 1.500. O primeiro correu de 1\u00ba de maio a 31 de agosto. O segundo vai at\u00e9 31 de dezembro. A cota \u00e9 compartilhada entre as treze modalidades da Portaria Normativa INPI\/PR n\u00ba 66\/2026, com reserva m\u00ednima de 100 vagas para cada uma e teto de dez protocolos por requerente.<\/p>\n<p><strong>Marketplace concentrou oito em cada dez pedidos por motivo estrat\u00e9gico<\/strong><\/p>\n<p>Entre 1\u00ba de maio e 30 de junho, foram protocolados 409 requerimentos por motivo estrat\u00e9gico ou de pol\u00edtica p\u00fablica. Desses, 332 vieram da hip\u00f3tese do inciso VIII, que trata de quem depende do registro para atuar em plataforma de mercado virtual, o equivalente a 81,17%, segundo levantamento publicado na Migalhas em 9 de julho de 2026.<\/p>\n<p>A modalidade n\u00e3o alcan\u00e7a qualquer loja online. O inciso VIII trata de quem precisa do registro para operar dentro de plataforma de terceiro, e o artigo 10 da portaria exige documento que demonstre a inten\u00e7\u00e3o de comercializar naquela plataforma e a exig\u00eancia de marca registrada feita por ela. S\u00e3o duas provas, n\u00e3o uma.<\/p>\n<p><strong>A diferen\u00e7a de tempo aparece nos n\u00fameros do pr\u00f3prio instituto<\/strong><\/p>\n<p>No Plano de A\u00e7\u00e3o 2026, divulgado em fevereiro, o INPI registrou como realizado em 2025 o prazo de 18,3 meses para o exame de pedidos sem oposi\u00e7\u00e3o e de 34,4 meses para os que sofreram oposi\u00e7\u00e3o. As metas do ano s\u00e3o de 10 e 36 meses.<\/p>\n<p>A prioridade tamb\u00e9m n\u00e3o encurta todas as etapas. Pelo artigo 84-L da Portaria INPI\/PR n\u00ba 27\/2025, ela passa a valer depois do exame formal e do encerramento dos prazos de oposi\u00e7\u00e3o, que correm por sessenta dias contados da publica\u00e7\u00e3o do pedido, na forma do artigo 158 da Lei 9.279\/96.<\/p>\n<p><strong>Vinicius Augusto Del Rio: a prova \u00e9 o que decide o requerimento<\/strong><\/p>\n<p>Para o advogado Vinicius Augusto Del Rio, OAB\/SP 553.851, do escrit\u00f3rio <a rel=\"nofollow\" target=\"_blank\" class=\"lnk\" href=\"https:\/\/delrioadvocacia.com.br\/?utm_source=valor&amp;utm_medium=branded-content&amp;utm_campaign=pulsebrand-inpi\"><u>Del Rio Advocacia<\/u><\/a>, o ponto cr\u00edtico est\u00e1 na instru\u00e7\u00e3o do requerimento. &#8220;A vaga \u00e9 consumida na ordem de protocolo e o pedido \u00e9 apreciado com a prova que veio junto. Quando a documenta\u00e7\u00e3o demonstra a inten\u00e7\u00e3o de vender na plataforma, mas n\u00e3o a exig\u00eancia de marca registrada feita por ela, o requerimento cai e a vaga j\u00e1 foi ocupada&#8221;, afirma. Ele lembra que o artigo 84-N da mesma portaria n\u00e3o admite recurso da decis\u00e3o sobre o tr\u00e2mite priorit\u00e1rio, restando apresentar novo requerimento com nova prova, sujeito \u00e0 cota dispon\u00edvel naquele momento.<\/p>\n<p>Com a cota recomposta e a demanda concentrada em uma \u00fanica hip\u00f3tese, a leitura das duas portarias antes do protocolo entrou no planejamento de quem vende em plataforma. O escrit\u00f3rio re\u00fane material p\u00fablico sobre o <a rel=\"nofollow\" target=\"_blank\" class=\"lnk\" href=\"https:\/\/delrioadvocacia.com.br\/blog\/tramite-prioritario-marca-marketplace-inpi?utm_source=valor&amp;utm_medium=branded-content&amp;utm_campaign=pulsebrand-inpi\"><u>tr\u00e2mite priorit\u00e1rio de marcas para marketplace<\/u><\/a> voltado a esse p\u00fablico.<\/p>\n<p><img loading=\"lazy\" decoding=\"async\" src=\"https:\/\/us-central1-pulsebrand-plataforma.cloudfunctions.net\/trackPixel?c=2a943658-11ce-4a99-8995-4c3c1a08c71e&amp;v=b741b0a0-3c56-497a-8f60-3ef1e8e09597&amp;p=881a33ed-2087-45c5-80f1-767341edd15c\" width=\"1\" height=\"1\" alt=\"\" style=\"display:none\" \/><\/p>\n","protected":false},"excerpt":{"rendered":"<p>Reabertura da cota quadrimestral do INPI recoloca em disputa as vagas que aceleram o exame de marcas, e o advogado Vinicius Augusto Del Rio aponta onde os pedidos caem<\/p>\n","protected":false},"author":3647118390,"featured_media":6263,"comment_status":"","ping_status":"","sticky":false,"template":"","format":"standard","meta":{"footnotes":""},"categories":[3],"tags":[],"class_list":["post-6264","post","type-post","status-publish","format-standard","has-post-thumbnail","hentry","category-geral"],"_links":{"self":[{"href":"https:\/\/vitrinedafama.com.br\/index.php\/wp-json\/wp\/v2\/posts\/6264","targetHints":{"allow":["GET"]}}],"collection":[{"href":"https:\/\/vitrinedafama.com.br\/index.php\/wp-json\/wp\/v2\/posts"}],"about":[{"href":"https:\/\/vitrinedafama.com.br\/index.php\/wp-json\/wp\/v2\/types\/post"}],"author":[{"embeddable":true,"href":"https:\/\/vitrinedafama.com.br\/index.php\/wp-json\/wp\/v2\/users\/3647118390"}],"replies":[{"embeddable":true,"href":"https:\/\/vitrinedafama.com.br\/index.php\/wp-json\/wp\/v2\/comments?post=6264"}],"version-history":[{"count":0,"href":"https:\/\/vitrinedafama.com.br\/index.php\/wp-json\/wp\/v2\/posts\/6264\/revisions"}],"wp:featuredmedia":[{"embeddable":true,"href":"https:\/\/vitrinedafama.com.br\/index.php\/wp-json\/wp\/v2\/media\/6263"}],"wp:attachment":[{"href":"https:\/\/vitrinedafama.com.br\/index.php\/wp-json\/wp\/v2\/media?parent=6264"}],"wp:term":[{"taxonomy":"category","embeddable":true,"href":"https:\/\/vitrinedafama.com.br\/index.php\/wp-json\/wp\/v2\/categories?post=6264"},{"taxonomy":"post_tag","embeddable":true,"href":"https:\/\/vitrinedafama.com.br\/index.php\/wp-json\/wp\/v2\/tags?post=6264"}],"curies":[{"name":"wp","href":"https:\/\/api.w.org\/{rel}","templated":true}]}}