{"id":6262,"date":"2026-09-02T15:02:53","date_gmt":"2026-09-02T18:02:53","guid":{"rendered":"https:\/\/vitrinedafama.com.br\/index.php\/2026\/09\/02\/medicina-que-devolve-dignidade-transforma-cuidado-em-esperanca-e-humanidade-real\/"},"modified":"2026-09-02T15:02:53","modified_gmt":"2026-09-02T18:02:53","slug":"medicina-que-devolve-dignidade-transforma-cuidado-em-esperanca-e-humanidade-real","status":"publish","type":"post","link":"https:\/\/vitrinedafama.com.br\/index.php\/2026\/09\/02\/medicina-que-devolve-dignidade-transforma-cuidado-em-esperanca-e-humanidade-real\/","title":{"rendered":"Medicina que devolve dignidade transforma cuidado em esperan\u00e7a e humanidade real"},"content":{"rendered":"<p style=\"font-style:italic;font-size:1.1em;margin-bottom:1em\">Marco Orsini, Wladimir Bocca, Acary Bulle Oliveira e a pesquisadora Eduarda Iennaco destacam uma medicina que une ci\u00eancia, escuta e respeito<\/p>\n<p>Em uma \u00e9poca em que a medicina avan\u00e7a com exames cada vez mais precisos, tecnologias sofisticadas e tratamentos capazes de transformar a vida de milhares de pessoas, Marco Orsini, membro do Centro de Estudos do Hospital Niter\u00f3i D&#8217;Or, ao lado de Wladimir Bocca, Acary Bulle Oliveira e da pesquisadora Eduarda Iennaco, chama aten\u00e7\u00e3o para uma dimens\u00e3o que nenhum equipamento consegue substituir: a dignidade de quem est\u00e1 diante do m\u00e9dico.<\/p>\n<p>Para os especialistas, a medicina baseada em evid\u00eancias n\u00e3o deve ser compreendida apenas como um conjunto de protocolos, diagn\u00f3sticos e condutas terap\u00eauticas. Ela tamb\u00e9m precisa orientar uma forma de cuidar que reconhe\u00e7a o paciente como pessoa, com hist\u00f3ria, sentimentos, medos, expectativas, limita\u00e7\u00f5es e esperan\u00e7as. Nesse entendimento, a qualidade da assist\u00eancia n\u00e3o se resume ao acerto de uma prescri\u00e7\u00e3o, mas envolve a maneira como o profissional escuta, comunica, acolhe e participa da trajet\u00f3ria de algu\u00e9m que, muitas vezes, chega ao consult\u00f3rio em um dos momentos mais fr\u00e1geis de sua vida.<\/p>\n<p>Segundo Marco Orsini, a pr\u00f3pria literatura cient\u00edfica refor\u00e7a que a rela\u00e7\u00e3o entre m\u00e9dico e paciente tem import\u00e2ncia concreta na experi\u00eancia do cuidado. A empatia m\u00e9dica est\u00e1 associada a melhores percep\u00e7\u00f5es dos pacientes e a aspectos relevantes da assist\u00eancia, mostrando que a comunica\u00e7\u00e3o n\u00e3o \u00e9 um elemento secund\u00e1rio diante da ci\u00eancia, mas parte do processo terap\u00eautico. Ouvir com aten\u00e7\u00e3o, explicar de maneira compreens\u00edvel, respeitar d\u00favidas e reconhecer inseguran\u00e7as s\u00e3o atitudes que fortalecem a confian\u00e7a e favorecem uma participa\u00e7\u00e3o mais consciente nas decis\u00f5es sobre a sa\u00fade. A t\u00e9cnica permanece indispens\u00e1vel, mas ganha sentido quando \u00e9 colocada a servi\u00e7o de uma rela\u00e7\u00e3o baseada em responsabilidade, clareza e respeito.<\/p>\n<p>Para Wladimir Bocca, preservar a dignidade significa compreender que, diante do profissional, n\u00e3o existe apenas um diagn\u00f3stico, um resultado de exame ou um prontu\u00e1rio. Existe um indiv\u00edduo cuja vida n\u00e3o pode ser reduzida \u00e0 condi\u00e7\u00e3o cl\u00ednica apresentada naquele momento.<\/p>\n<p>Estudos sobre cuidado digno destacam a import\u00e2ncia da comunica\u00e7\u00e3o respeitosa, da privacidade, da autonomia e do reconhecimento da individualidade, independentemente da condi\u00e7\u00e3o social, econ\u00f4mica ou cl\u00ednica. Essa perspectiva se torna ainda mais importante quando a doen\u00e7a imp\u00f5e limita\u00e7\u00f5es, altera rotinas, provoca depend\u00eancia ou amea\u00e7a a capacidade de algu\u00e9m tomar decis\u00f5es sobre a pr\u00f3pria vida. Nesses cen\u00e1rios, cuidar tamb\u00e9m significa proteger o direito de continuar sendo tratado como sujeito, e n\u00e3o como objeto de uma interven\u00e7\u00e3o m\u00e9dica.<\/p>\n<p>A pesquisadora Eduarda Iennaco acrescenta que a humaniza\u00e7\u00e3o n\u00e3o deve ser vista como algo separado da pr\u00e1tica cient\u00edfica, mas como uma dimens\u00e3o que ajuda a dar sentido ao conhecimento produzido e aplicado na medicina.<\/p>\n<p>&#8220;Quando falamos em cuidado, precisamos lembrar que cada paciente carrega uma hist\u00f3ria que n\u00e3o aparece em um exame. A ci\u00eancia oferece ferramentas fundamentais para diagnosticar e tratar, mas \u00e9 a forma como esse conhecimento chega \u00e0 pessoa que pode transformar uma experi\u00eancia de medo e vulnerabilidade em uma rela\u00e7\u00e3o de confian\u00e7a, respeito e esperan\u00e7a&#8221;, afirma.<\/p>\n<p>Para a pesquisadora, compreender o paciente em sua integralidade tamb\u00e9m significa reconhecer suas d\u00favidas, seus limites e sua participa\u00e7\u00e3o nas decis\u00f5es que envolvem o pr\u00f3prio tratamento.<\/p>\n<p>Ser m\u00e9dico, na vis\u00e3o de Orsini, representa uma responsabilidade que ultrapassa o conhecimento acumulado nos livros e os anos de forma\u00e7\u00e3o. Muitas vezes, quem procura atendimento n\u00e3o busca somente uma solu\u00e7\u00e3o t\u00e9cnica. Busca seguran\u00e7a quando o medo domina, orienta\u00e7\u00e3o quando existe incerteza e esperan\u00e7a quando a doen\u00e7a parece retirar perspectivas. A medicina pode aliviar sintomas, controlar enfermidades, prolongar vidas e recuperar fun\u00e7\u00f5es, mas tamb\u00e9m pode devolver ao indiv\u00edduo a confian\u00e7a de que n\u00e3o est\u00e1 sozinho. A doen\u00e7a pode fragilizar o corpo, modificar planos e comprometer a autonomia, por\u00e9m jamais deveria retirar de uma pessoa o direito de ser tratada com respeito, escuta e considera\u00e7\u00e3o.<\/p>\n<p>\u00c9 justamente nos momentos de maior vulnerabilidade que o car\u00e1ter humano da medicina se torna mais evidente. O paciente que chega sem recursos, com acesso limitado aos servi\u00e7os de sa\u00fade ou sem algu\u00e9m que o acompanhe merece o mesmo empenho, a mesma aten\u00e7\u00e3o e o mesmo respeito daquele que disp\u00f5e de todas as possibilidades ao seu alcance. Para os especialistas, n\u00e3o existe justificativa \u00e9tica para que a condi\u00e7\u00e3o financeira determine a qualidade humana da assist\u00eancia. A desigualdade pode dificultar o acesso a consultas, exames e tratamentos, mas n\u00e3o deveria estabelecer uma hierarquia de valor entre vidas. Reconhecer essa realidade tamb\u00e9m significa defender uma sa\u00fade mais justa, acess\u00edvel e capaz de enxergar quem frequentemente permanece invis\u00edvel.<\/p>\n<p>Acary Bulle Oliveira refor\u00e7a, dentro dessa perspectiva, que o cuidado m\u00e9dico precisa considerar n\u00e3o apenas a doen\u00e7a, mas tamb\u00e9m os impactos que ela provoca na vida cotidiana. Uma conduta pode ser tecnicamente correta e, ainda assim, precisar ser acompanhada de orienta\u00e7\u00e3o adequada para que o paciente compreenda suas possibilidades e participe do tratamento. A informa\u00e7\u00e3o clara reduz inseguran\u00e7as, amplia a autonomia e permite que decis\u00f5es sejam tomadas de maneira mais consciente. Assim, o conhecimento m\u00e9dico deixa de ser apenas uma ferramenta de interven\u00e7\u00e3o e passa a funcionar tamb\u00e9m como instrumento de fortalecimento do paciente.<\/p>\n<p>A dignidade est\u00e1 presente nas atitudes de atendimento. Respeitar a privacidade, permitir que o paciente fa\u00e7a perguntas, considerar suas prefer\u00eancias e explicar as alternativas dispon\u00edveis pode mudar profundamente a experi\u00eancia de quem enfrenta uma doen\u00e7a. Para os especialistas, cuidar n\u00e3o \u00e9 abandonar a t\u00e9cnica, mas completar o conhecimento m\u00e9dico com uma postura \u00e9tica diante da vulnerabilidade. \u00c9 nessa combina\u00e7\u00e3o que a ci\u00eancia encontra sua finalidade: servir \u00e0 vida sem esquecer as pessoas.<\/p>\n<p>Nesse cen\u00e1rio, a medicina que devolve dignidade \u00e9 tamb\u00e9m aquela capaz de transformar cuidado em esperan\u00e7a. N\u00e3o se trata de prometer resultados ou ignorar as dificuldades impostas por uma enfermidade, mas de garantir que, independentemente do diagn\u00f3stico, ningu\u00e9m perca sua condi\u00e7\u00e3o de sujeito, sua voz ou seu direito a um atendimento respeitoso. Quando ci\u00eancia, \u00e9tica, empatia e comunica\u00e7\u00e3o caminham juntas, o tratamento ultrapassa a dimens\u00e3o cl\u00ednica e alcan\u00e7a aquilo que existe de mais essencial na rela\u00e7\u00e3o entre seres humanos: a capacidade de cuidar sem deixar de enxergar quem precisa ser cuidado.<\/p>\n<p><img loading=\"lazy\" decoding=\"async\" src=\"https:\/\/us-central1-pulsebrand-plataforma.cloudfunctions.net\/trackPixel?c=bcfd25e2-cc8d-48c2-a2f1-4a4d4ddb8008&amp;v=fecd76f4-84dd-44ad-9844-93695be0f6cc&amp;p=881a33ed-2087-45c5-80f1-767341edd15c\" width=\"1\" height=\"1\" alt=\"\" style=\"display:none\" \/><\/p>\n","protected":false},"excerpt":{"rendered":"<p>Marco Orsini, Wladimir Bocca, Acary Bulle Oliveira e a pesquisadora Eduarda Iennaco destacam uma medicina que une ci\u00eancia, escuta e respeito<\/p>\n","protected":false},"author":3647118390,"featured_media":6261,"comment_status":"","ping_status":"","sticky":false,"template":"","format":"standard","meta":{"footnotes":""},"categories":[3],"tags":[],"class_list":["post-6262","post","type-post","status-publish","format-standard","has-post-thumbnail","hentry","category-geral"],"_links":{"self":[{"href":"https:\/\/vitrinedafama.com.br\/index.php\/wp-json\/wp\/v2\/posts\/6262","targetHints":{"allow":["GET"]}}],"collection":[{"href":"https:\/\/vitrinedafama.com.br\/index.php\/wp-json\/wp\/v2\/posts"}],"about":[{"href":"https:\/\/vitrinedafama.com.br\/index.php\/wp-json\/wp\/v2\/types\/post"}],"author":[{"embeddable":true,"href":"https:\/\/vitrinedafama.com.br\/index.php\/wp-json\/wp\/v2\/users\/3647118390"}],"replies":[{"embeddable":true,"href":"https:\/\/vitrinedafama.com.br\/index.php\/wp-json\/wp\/v2\/comments?post=6262"}],"version-history":[{"count":0,"href":"https:\/\/vitrinedafama.com.br\/index.php\/wp-json\/wp\/v2\/posts\/6262\/revisions"}],"wp:featuredmedia":[{"embeddable":true,"href":"https:\/\/vitrinedafama.com.br\/index.php\/wp-json\/wp\/v2\/media\/6261"}],"wp:attachment":[{"href":"https:\/\/vitrinedafama.com.br\/index.php\/wp-json\/wp\/v2\/media?parent=6262"}],"wp:term":[{"taxonomy":"category","embeddable":true,"href":"https:\/\/vitrinedafama.com.br\/index.php\/wp-json\/wp\/v2\/categories?post=6262"},{"taxonomy":"post_tag","embeddable":true,"href":"https:\/\/vitrinedafama.com.br\/index.php\/wp-json\/wp\/v2\/tags?post=6262"}],"curies":[{"name":"wp","href":"https:\/\/api.w.org\/{rel}","templated":true}]}}