{"id":6258,"date":"2026-09-02T13:57:21","date_gmt":"2026-09-02T16:57:21","guid":{"rendered":"https:\/\/vitrinedafama.com.br\/index.php\/2026\/09\/02\/da-geracao-que-transformou-o-sertanejo-feminino-emy-e-thaeme-se-unem-em-tudo-menos-eu\/"},"modified":"2026-09-02T13:57:21","modified_gmt":"2026-09-02T16:57:21","slug":"da-geracao-que-transformou-o-sertanejo-feminino-emy-e-thaeme-se-unem-em-tudo-menos-eu","status":"publish","type":"post","link":"https:\/\/vitrinedafama.com.br\/index.php\/2026\/09\/02\/da-geracao-que-transformou-o-sertanejo-feminino-emy-e-thaeme-se-unem-em-tudo-menos-eu\/","title":{"rendered":"Da gera\u00e7\u00e3o que transformou o sertanejo feminino, Emy e Thaeme se unem em \u201cTudo Menos Eu\u201d"},"content":{"rendered":"<p><span style=\"font-size:15px\" ;=\"\">Duas artistas que iniciaram suas trajet\u00f3rias profissionais no mesmo per\u00edodo e se encontram pela primeira vez em uma parceria musical inesquec\u00edvel.<\/span><\/p>\n<p><span style=\"font-size:15px\" ;=\"\">Quando Emy e Thaeme iniciaram suas trajet\u00f3rias profissionais, em meados de 2010, o sertanejo brasileiro vivia um cen\u00e1rio bem diferente. O g\u00eanero caminhava para uma de suas maiores expans\u00f5es e a presen\u00e7a feminina, que anos depois se tornaria uma de suas grandes for\u00e7as, ainda conquistava o seu espa\u00e7o.<\/span><\/p>\n<p><span style=\"font-size:15px\" ;=\"\">Quase duas d\u00e9cadas depois, as duas artistas que acompanharam de dentro essa transforma\u00e7\u00e3o, finalmente se encontram musicalmente.<\/span><\/p>\n<div><span style=\"font-size: 15px;\"><br \/><\/span><\/div>\n<div>\n<figure class=\"article-media\"><img decoding=\"async\" src=\"https:\/\/painel.cenariomidia.com.br\/uploads\/20260902135538-inline-1eec8b88.jpg\" alt=\"\" style=\"max-width:100%;height:auto\"><figcaption><\/figcaption><\/figure>\n<p><\/p>\n<p><span style=\"font-size:15px\" ;=\"\">Emy e Thaeme dividem os vocais de \u201cTudo Menos Eu\u201d, parceria in\u00e9dita que chega \u00e0s plataformas como parte do projeto \u201cLado EMY\u201d, iniciativa da cantora Emy, que promove encontros com grandes vozes femininas da m\u00fasica sertaneja.<\/span><\/p>\n<p><span style=\"font-size:15px\" ;=\"\">Thaeme tornou-se uma das vozes femininas mais conhecidas do grande p\u00fablico e construiu uma trajet\u00f3ria de destaque no g\u00eanero com sua dupla com Thiago que permanece ativa e com grande sucesso nacional.<\/span><br \/>\n<span style=\"font-size:15px\" ;=\"\">Emy viveu mais de dez anos de sua carreira integrando o Trio Villa Baggage, ao lado de Guilherme e Benuto, grupo que ganhou proje\u00e7\u00e3o nacional.<\/span><\/p>\n<p><span style=\"font-size:15px\" ;=\"\">Agora, os caminhos se cruzam em uma can\u00e7\u00e3o que, apesar de reunir duas trajet\u00f3rias com muita hist\u00f3ria para contar, fala sobre algo bastante atual.<\/span><br \/>\n<span style=\"font-size:15px\" ;=\"\">Em \u201cTudo Menos Eu\u201d, o fim de um relacionamento n\u00e3o significa necessariamente o fim da hist\u00f3ria.<\/span><br \/>\n<span style=\"font-size:15px\" ;=\"\">Depois da separa\u00e7\u00e3o, a personagem volta \u00e0s conversas que ficaram guardadas no celular. Revive \u00e1udios, rel\u00ea mensagens e encontra promessas feitas quando ainda existia um futuro sendo planejado a dois.<\/span><\/p>\n<p><span style=\"font-size:15px\" ;=\"\">\u00c9 justamente nesses registros que surge a ferida central da m\u00fasica.<\/span><\/p>\n<p><span style=\"font-size:15px\" ;=\"\">A pessoa que prometeu dividir determinados sonhos com ela continua realizando tudo aquilo que dizia querer viver \u2014 os planos permanecem praticamente os mesmos, por\u00e9m, o que mudou foi quem est\u00e1 ao lado dele.<\/span><br \/>\n<span style=\"font-size:15px\" ;=\"\">\u00c9 da\u00ed que nasce \u201cTudo Menos Eu\u201d: da sensa\u00e7\u00e3o de ver algu\u00e9m cumprir tudo aquilo que um dia prometeu \u00e0 voc\u00ea, s\u00f3 que vivendo isso com outra pessoa.<\/span><\/p>\n<p><span style=\"font-size:15px\" ;=\"\">Emy e Thaeme transportam essa situa\u00e7\u00e3o para o sertanejo apostando principalmente na interpreta\u00e7\u00e3o. As vozes se alternam e se encontram ao longo da faixa, conduzindo a narrativa at\u00e9 um refr\u00e3o direto, pensado para provocar identifica\u00e7\u00e3o imediata com quem j\u00e1 viveu a experi\u00eancia de assistir a um antigo amor seguir em frente.<\/span><br \/>\n<span style=\"font-size:15px\" ;=\"\">E talvez esteja justamente a\u00ed um dos elementos mais interessantes de \u201cTudo Menos Eu\u201d.<\/span><\/p>\n<p><span style=\"font-size:15px\" ;=\"\">Emy, que tamb\u00e9m \u00e9 uma compositora reconhecida no meio, est\u00e1 entre os compositores da can\u00e7\u00e3o.<\/span><\/p>\n<p><span style=\"font-size:15px\" ;=\"\">Para Emy, a parceria tamb\u00e9m d\u00e1 sequ\u00eancia ao conceito de \u201cLado EMY\u201d, projeto criado para revelar diferentes lados de sua identidade art\u00edstica a partir da troca com outras mulheres da m\u00fasica. A proposta \u00e9 que cada colabora\u00e7\u00e3o tenha uma raz\u00e3o para existir al\u00e9m da participa\u00e7\u00e3o em si, aproximando hist\u00f3rias, interpreta\u00e7\u00f5es e universos que dialoguem com diferentes momentos da trajet\u00f3ria da cantora.<\/span><\/p>\n<p><span style=\"font-size:15px\" ;=\"\">E o encontro dessas vozes e de tudo que elas viveram e vivem na m\u00fasica faz \u201cTudo Menos Eu\u201d ser um lan\u00e7amento com grandes expectativas.<\/span><br \/>\n<!--\/data\/user\/0\/com.samsung.android.app.notes\/files\/clipdata\/clipdata_bodytext_260902_135237_270.sdocx--><\/div>\n","protected":false},"excerpt":{"rendered":"<p>Duas artistas que iniciaram suas trajet\u00f3rias profissionais no mesmo per\u00edodo e se encontram pela primeira vez em uma parceria musical inesquec\u00edvel. Quando Emy e [&hellip;]<\/p>\n","protected":false},"author":1,"featured_media":6257,"comment_status":"","ping_status":"","sticky":false,"template":"","format":"standard","meta":{"footnotes":""},"categories":[3],"tags":[],"class_list":["post-6258","post","type-post","status-publish","format-standard","has-post-thumbnail","hentry","category-geral"],"_links":{"self":[{"href":"https:\/\/vitrinedafama.com.br\/index.php\/wp-json\/wp\/v2\/posts\/6258","targetHints":{"allow":["GET"]}}],"collection":[{"href":"https:\/\/vitrinedafama.com.br\/index.php\/wp-json\/wp\/v2\/posts"}],"about":[{"href":"https:\/\/vitrinedafama.com.br\/index.php\/wp-json\/wp\/v2\/types\/post"}],"author":[{"embeddable":true,"href":"https:\/\/vitrinedafama.com.br\/index.php\/wp-json\/wp\/v2\/users\/1"}],"replies":[{"embeddable":true,"href":"https:\/\/vitrinedafama.com.br\/index.php\/wp-json\/wp\/v2\/comments?post=6258"}],"version-history":[{"count":0,"href":"https:\/\/vitrinedafama.com.br\/index.php\/wp-json\/wp\/v2\/posts\/6258\/revisions"}],"wp:featuredmedia":[{"embeddable":true,"href":"https:\/\/vitrinedafama.com.br\/index.php\/wp-json\/wp\/v2\/media\/6257"}],"wp:attachment":[{"href":"https:\/\/vitrinedafama.com.br\/index.php\/wp-json\/wp\/v2\/media?parent=6258"}],"wp:term":[{"taxonomy":"category","embeddable":true,"href":"https:\/\/vitrinedafama.com.br\/index.php\/wp-json\/wp\/v2\/categories?post=6258"},{"taxonomy":"post_tag","embeddable":true,"href":"https:\/\/vitrinedafama.com.br\/index.php\/wp-json\/wp\/v2\/tags?post=6258"}],"curies":[{"name":"wp","href":"https:\/\/api.w.org\/{rel}","templated":true}]}}