{"id":6240,"date":"2026-09-01T17:19:04","date_gmt":"2026-09-01T20:19:04","guid":{"rendered":"https:\/\/vitrinedafama.com.br\/index.php\/2026\/09\/01\/faturamento-com-estetica-em-clinicas-odontologicas-cresce-366\/"},"modified":"2026-09-01T17:19:04","modified_gmt":"2026-09-01T20:19:04","slug":"faturamento-com-estetica-em-clinicas-odontologicas-cresce-366","status":"publish","type":"post","link":"https:\/\/vitrinedafama.com.br\/index.php\/2026\/09\/01\/faturamento-com-estetica-em-clinicas-odontologicas-cresce-366\/","title":{"rendered":"Faturamento com est\u00e9tica em cl\u00ednicas odontol\u00f3gicas cresce 36,6%"},"content":{"rendered":"<p style=\"font-style:italic;font-size:1.1em;margin-bottom:1em\">Levantamento da Clinicorp em mais de 32 mil cl\u00ednicas mostra alta de 27,3% no volume de procedimentos est\u00e9ticos entre janeiro e agosto de 2026. Avan\u00e7o ocorreu no mesmo per\u00edodo em que decis\u00e3o do TRF1 reacendeu o debate regulat\u00f3rio sobre a especialidade<\/p>\n<p>O mercado de procedimentos est\u00e9ticos em cl\u00ednicas odontol\u00f3gicas e de est\u00e9tica avan\u00e7ada no Brasil mant\u00e9m ritmo de crescimento acelerado, mesmo em meio ao debate jur\u00eddico em torno da Harmoniza\u00e7\u00e3o Orofacial (HOF). O n\u00famero de procedimentos est\u00e9ticos realizados entre janeiro e agosto de 2026<strong> <\/strong>cresceu 27,3% na compara\u00e7\u00e3o com o mesmo per\u00edodo do ano anterior, segundo o Panorama de Mercado Clinicorp, levantamento da <a rel=\"nofollow\" target=\"_blank\" href=\"https:\/\/www.clinicorp.com\/\"><strong><u>Clinicorp<\/u><\/strong><\/a><strong>,<\/strong> software de gest\u00e3o para cl\u00ednicas odontol\u00f3gicas e de est\u00e9tica avan\u00e7ada com o maior n\u00famero de cl\u00ednicas odontol\u00f3gicas ativas no pa\u00eds.<\/p>\n<p>O faturamento gerado por esses tratamentos acompanhou a tend\u00eancia, com crescimento ainda mais expressivo, de 36,6% no mesmo intervalo. Em n\u00fameros absolutos, foram<strong> <\/strong>169.801 procedimentos registrados no per\u00edodo, frente a 133.406 em 2025.<\/p>\n<p>O recorte compara o mesmo conjunto de cl\u00ednicas ativas nos dois per\u00edodos e considera procedimentos est\u00e9ticos registrados no sistema, com faturamento bruto.<\/p>\n<p>O avan\u00e7o ocorre em um setor j\u00e1 consolidado. O Brasil figura entre os tr\u00eas maiores mercados de est\u00e9tica do mundo, atr\u00e1s apenas de Estados Unidos e China, segundo o Boston Consulting Group. A consultoria projeta crescimento do mercado global de cerca de 6% ao ano at\u00e9 2028, com os procedimentos est\u00e9ticos atingindo cerca de 50 milh\u00f5es de consumidores no pa\u00eds. Dentro da odontologia, a Pesquisa Setorial do CFO aponta que 80% dos cirurgi\u00f5es-dentistas apoiam a integra\u00e7\u00e3o de tratamentos est\u00e9ticos \u00e0 pr\u00e1tica cl\u00ednica, e mais de um ter\u00e7o das cl\u00ednicas j\u00e1 oferece esse tipo de servi\u00e7o.<\/p>\n<p><strong>O mercado de Harmoniza\u00e7\u00e3o Orofacial encolheu depois da decis\u00e3o?<\/strong><\/p>\n<p>O per\u00edodo analisado \u00e9 marcado por uma disputa regulat\u00f3ria que ganhou novo cap\u00edtulo em agosto. No dia 19 de agosto de 2026, a 8\u00aa Turma do Tribunal Regional Federal da 1\u00aa Regi\u00e3o decidiu, por maioria, pela anula\u00e7\u00e3o da Resolu\u00e7\u00e3o CFO n\u00ba 198\/2019, que reconhece a Harmoniza\u00e7\u00e3o Orofacial como especialidade odontol\u00f3gica. A decis\u00e3o acolheu recursos do Conselho Federal de Medicina e da Sociedade Brasileira de Dermatologia.<\/p>\n<p>O Conselho Federal de Odontologia (CFO) informou que discorda da decis\u00e3o, que vai recorrer e que, por ora, n\u00e3o h\u00e1 mudan\u00e7a nas atribui\u00e7\u00f5es dos cirurgi\u00f5es-dentistas. O conselho orientou os profissionais a manterem sua atua\u00e7\u00e3o nos procedimentos de HOF que integram sua \u00e1rea legal de compet\u00eancia, observados os limites previstos na legisla\u00e7\u00e3o, na forma\u00e7\u00e3o profissional e nas normas aplic\u00e1veis.<\/p>\n<p>Os dados de opera\u00e7\u00e3o n\u00e3o indicam retra\u00e7\u00e3o no volume de procedimentos durante o per\u00edodo. Entre janeiro e agosto de 2026, o n\u00famero de procedimentos est\u00e9ticos realizados nas cl\u00ednicas monitoradas cresceu 27,3%, e o faturamento gerado por eles subiu 36,6%.<\/p>\n<p><strong>Tecnologia como suporte \u00e0 demanda<\/strong><\/p>\n<p>Diante do cen\u00e1rio, a<strong> <\/strong><a rel=\"nofollow\" target=\"_blank\" href=\"https:\/\/www.clinicorp.com\/\"><strong><u>Clinicorp<\/u><\/strong><\/a> tem direcionado esfor\u00e7os de desenvolvimento para a especialidade. Cerca de 3 mil cl\u00ednicas j\u00e1 utilizam solu\u00e7\u00f5es de intelig\u00eancia artificial da empresa, entre elas o Clinicorp IA. A ferramenta simula com intelig\u00eancia artificial o resultado de tratamentos antes da execu\u00e7\u00e3o do procedimento, cobrindo preenchimento labial com ganho de volume, preenchimento em masseter e zigom\u00e1tico, aplica\u00e7\u00e3o de toxina botul\u00ednica e protocolos completos de full face.<\/p>\n<p>Na opera\u00e7\u00e3o da cl\u00ednica, a solu\u00e7\u00e3o atua em dois pontos centrais: a experi\u00eancia do paciente, que passa a visualizar uma proje\u00e7\u00e3o do resultado antes de aceitar o plano de tratamento, e a convers\u00e3o comercial, j\u00e1 que a visualiza\u00e7\u00e3o reduz a barreira de decis\u00e3o no consult\u00f3rio.<\/p>\n<p>&#8220;Os n\u00fameros indicam um mercado que continua crescendo. Enquanto a discuss\u00e3o segue nas inst\u00e2ncias competentes, a demanda do paciente n\u00e3o parou, e o profissional precisa de estrutura para atender isso com previsibilidade e seguran\u00e7a&#8221;, afirma Caio Carinhena, CEO da Clinicorp.<\/p>\n<p>Carinhena refor\u00e7a o papel do preparo t\u00e9cnico: &#8220;Tecnologia n\u00e3o substitui compet\u00eancia t\u00e9cnica. Ela d\u00e1 ao paciente clareza sobre o que vai acontecer e ao profissional um registro do que foi combinado&#8221;. O executivo avalia que a demanda deve seguir aquecida enquanto o cen\u00e1rio regulat\u00f3rio se define nas pr\u00f3ximas inst\u00e2ncias.<\/p>\n<p>A empresa tamb\u00e9m mant\u00e9m no ar, em seus canais pr\u00f3prios, um <a rel=\"nofollow\" target=\"_blank\" href=\"https:\/\/www.change.org\/p\/a-harmoniza%C3%A7%C3%A3o-orofacial-%C3%A9-odontologia-assinamos-por-ela-fb38566b-225a-473f-8106-3889e8f1cd3a\"><strong><u>manifesto p\u00fablico<\/u><\/strong><\/a><strong> <\/strong>em apoio \u00e0 atua\u00e7\u00e3o dos profissionais habilitados na especialidade. A quest\u00e3o que o setor acompanha agora \u00e9 se o ritmo de crescimento registrado at\u00e9 aqui resiste \u00e0s pr\u00f3ximas inst\u00e2ncias da disputa.<\/p>\n<p><strong>Sobre a Clinicorp<\/strong><\/p>\n<p>A <a rel=\"nofollow\" target=\"_blank\" href=\"https:\/\/www.clinicorp.com\/\"><strong><u>Clinicorp<\/u><\/strong><\/a><strong> <\/strong>\u00e9 um software de gest\u00e3o para cl\u00ednicas odontol\u00f3gicas e de est\u00e9tica avan\u00e7ada de todos os tamanhos, com a maior base de cl\u00ednicas odontol\u00f3gicas e de est\u00e9tica ativas do pa\u00eds e 200 mil profissionais ativos. A plataforma integra agenda, prontu\u00e1rio, financeiro e intelig\u00eancia artificial em um s\u00f3 lugar.<\/p>\n<p><img loading=\"lazy\" decoding=\"async\" src=\"https:\/\/us-central1-pulsebrand-plataforma.cloudfunctions.net\/trackPixel?c=54492dfa-0456-462d-b20c-763f3534bb4c&amp;v=00c16d93-58bc-41c1-8aaf-24b0d0ba09ee&amp;p=881a33ed-2087-45c5-80f1-767341edd15c\" width=\"1\" height=\"1\" alt=\"\" style=\"display:none\" \/><\/p>\n","protected":false},"excerpt":{"rendered":"<p>Levantamento da Clinicorp em mais de 32 mil cl\u00ednicas mostra alta de 27,3% no volume de procedimentos est\u00e9ticos entre janeiro e agosto de 2026. Avan\u00e7o ocorreu no mesmo per\u00edodo em que decis\u00e3o do TRF1 reacendeu o debate regulat\u00f3rio sobre a especialidade<\/p>\n","protected":false},"author":3647118390,"featured_media":6239,"comment_status":"","ping_status":"","sticky":false,"template":"","format":"standard","meta":{"footnotes":""},"categories":[3],"tags":[],"class_list":["post-6240","post","type-post","status-publish","format-standard","has-post-thumbnail","hentry","category-geral"],"_links":{"self":[{"href":"https:\/\/vitrinedafama.com.br\/index.php\/wp-json\/wp\/v2\/posts\/6240","targetHints":{"allow":["GET"]}}],"collection":[{"href":"https:\/\/vitrinedafama.com.br\/index.php\/wp-json\/wp\/v2\/posts"}],"about":[{"href":"https:\/\/vitrinedafama.com.br\/index.php\/wp-json\/wp\/v2\/types\/post"}],"author":[{"embeddable":true,"href":"https:\/\/vitrinedafama.com.br\/index.php\/wp-json\/wp\/v2\/users\/3647118390"}],"replies":[{"embeddable":true,"href":"https:\/\/vitrinedafama.com.br\/index.php\/wp-json\/wp\/v2\/comments?post=6240"}],"version-history":[{"count":0,"href":"https:\/\/vitrinedafama.com.br\/index.php\/wp-json\/wp\/v2\/posts\/6240\/revisions"}],"wp:featuredmedia":[{"embeddable":true,"href":"https:\/\/vitrinedafama.com.br\/index.php\/wp-json\/wp\/v2\/media\/6239"}],"wp:attachment":[{"href":"https:\/\/vitrinedafama.com.br\/index.php\/wp-json\/wp\/v2\/media?parent=6240"}],"wp:term":[{"taxonomy":"category","embeddable":true,"href":"https:\/\/vitrinedafama.com.br\/index.php\/wp-json\/wp\/v2\/categories?post=6240"},{"taxonomy":"post_tag","embeddable":true,"href":"https:\/\/vitrinedafama.com.br\/index.php\/wp-json\/wp\/v2\/tags?post=6240"}],"curies":[{"name":"wp","href":"https:\/\/api.w.org\/{rel}","templated":true}]}}