{"id":6238,"date":"2026-09-01T17:03:55","date_gmt":"2026-09-01T20:03:55","guid":{"rendered":"https:\/\/vitrinedafama.com.br\/index.php\/2026\/09\/01\/soul-alegria-lan-a-livro-na-bienal-do-livro-2026-e-transforma-hist-rias-vividas-em-hospitais-p-blicos-em-um-convite-humaniza-o\/"},"modified":"2026-09-01T17:03:55","modified_gmt":"2026-09-01T20:03:55","slug":"soul-alegria-lan-a-livro-na-bienal-do-livro-2026-e-transforma-hist-rias-vividas-em-hospitais-p-blicos-em-um-convite-humaniza-o","status":"publish","type":"post","link":"https:\/\/vitrinedafama.com.br\/index.php\/2026\/09\/01\/soul-alegria-lan-a-livro-na-bienal-do-livro-2026-e-transforma-hist-rias-vividas-em-hospitais-p-blicos-em-um-convite-humaniza-o\/","title":{"rendered":"Soul Alegria lan\u00e7a livro na Bienal do Livro 2026 e transforma hist\u00f3rias vividas em hospitais p\u00fablicos em um convite \u00e0 humaniza\u00e7\u00e3o"},"content":{"rendered":"<\/p>\n<p class=\"s3\"><\/p>\n<p class=\"s5\"><span class=\"s6\">\u00a0<\/span><\/p>\n<p class=\"s5\"><\/p>\n<p class=\"s8\"><span class=\"s7\"><span class=\"bumpedFont15\">Hist\u00f3rias que nasceram nos corredores de hospitais p\u00fablicos, entre jalecos, leitos, conversas inesperadas e muitos momentos de afeto, agora ganham as p\u00e1ginas de um livro e chegam a um dos maiores eventos liter\u00e1rios do pa\u00eds. No dia\u00a0<\/span><\/span><span class=\"s6\"><span class=\"bumpedFont15\">11 de setembro<\/span><\/span><span class=\"s7\"><span class=\"bumpedFont15\">, durante a\u00a0<\/span><\/span><span class=\"s6\"><span class=\"bumpedFont15\">Bienal do Livro 2026<\/span><\/span><span class=\"s7\"><span class=\"bumpedFont15\">, o\u00a0<\/span><\/span><span class=\"s6\"><span class=\"bumpedFont15\">Grupo Soul Alegria<\/span><\/span><span class=\"s7\"><span class=\"bumpedFont15\">\u00a0realiza o lan\u00e7amento de\u00a0<\/span><\/span><span class=\"s6\"><span class=\"bumpedFont15\">\u201cEncontros improv\u00e1veis do Jaleco de Bolinhas\u201d<\/span><\/span><span class=\"s7\"><span class=\"bumpedFont15\">, obra que re\u00fane experi\u00eancias vividas pelos artistas do projeto ao longo de sua atua\u00e7\u00e3o com humaniza\u00e7\u00e3o hospitalar.<\/span><\/span><\/p>\n<p class=\"s8\"><span class=\"s7\"><span class=\"bumpedFont15\">Mais do que contar hist\u00f3rias sobre palha\u00e7os em hospitais, o livro prop\u00f5e um olhar para aquilo que acontece quando a arte encontra a vulnerabilidade humana. S\u00e3o encontros com pacientes, familiares, acompanhantes e profissionais da sa\u00fade que revelam como uma conversa, uma escuta atenta, uma brincadeira ou simplesmente a presen\u00e7a de algu\u00e9m disposto a estar verdadeiramente ali podem transformar um momento dif\u00edcil.<\/span><\/span><\/p>\n<p class=\"s8\"><span class=\"s7\"><span class=\"bumpedFont15\">A publica\u00e7\u00e3o nasce de uma trajet\u00f3ria constru\u00edda dentro de hospitais p\u00fablicos e transforma registros de viv\u00eancias em narrativas que ultrapassam os muros das institui\u00e7\u00f5es. S\u00e3o hist\u00f3rias sobre medo, esperan\u00e7a, dor, supera\u00e7\u00e3o, afeto e, principalmente, sobre conex\u00e3o.<\/span><\/span><\/p>\n<p class=\"s8\"><span class=\"s6\"><span class=\"bumpedFont15\">\u201c<\/span><\/span><span class=\"s6\"><span class=\"bumpedFont15\">Algumas hist\u00f3rias s\u00e3o grandes demais para caber apenas na mem\u00f3ria. Elas precisam ser compartilhadas porque falam sobre algo que vai al\u00e9m da medicina ou da arte: falam sobre a capacidade humana de criar conex\u00e3o mesmo nos momentos mais dif\u00edceis.\u201d, conta Clerson Pacheco, fundador do Soul Alegria.\u00a0<\/span><\/span><\/p>\n<p class=\"s8\"><span class=\"s7\"><span class=\"bumpedFont15\">\u00c9 justamente essa conex\u00e3o que est\u00e1 no centro do trabalho do Soul Alegria. Ao entrar em um quarto de hospital, os artistas n\u00e3o levam apenas personagens, figurinos e brincadeiras. Levam disponibilidade para ouvir, olhar nos olhos e reconhecer o ser humano que existe por tr\u00e1s de cada diagn\u00f3stico.<\/span><\/span><\/p>\n<p class=\"s8\"><span class=\"s7\"><span class=\"bumpedFont15\"><br \/><\/span><\/span><\/p>\n<p class=\"s8\"><span class=\"s7\"><span class=\"bumpedFont15\"><\/span><\/span><\/p>\n<figure class=\"article-media aligncenter\"><img decoding=\"async\" class=\"aligncenter\" src=\"https:\/\/vitrinedafama.com.br\/wp-content\/uploads\/2026\/09\/20260901165949-inline-c3d0bcd4.jpg\" alt=\"\"><\/figure>\n<\/p>\n<p class=\"s8\"><span class=\"s7\"><span class=\"bumpedFont15\"><br \/><\/span><\/span><\/p>\n<p class=\"s10\"><a><\/a><span class=\"s9\"><span class=\"bumpedFont15\">Da viv\u00eancia hospitalar para as p\u00e1ginas<\/span><\/span><\/p>\n<p class=\"s8\"><span class=\"s7\"><span class=\"bumpedFont15\">Escrito por\u00a0<\/span><\/span><span class=\"s6\"><span class=\"bumpedFont15\">Adriana Fetter e Clerson Pacheco<\/span><\/span><span class=\"s7\"><span class=\"bumpedFont15\">, o livro re\u00fane relatos constru\u00eddos a partir das experi\u00eancias e registros das a\u00e7\u00f5es realizadas pelo Grupo Soul Alegria. A obra transforma anos de atua\u00e7\u00e3o em uma publica\u00e7\u00e3o que tamb\u00e9m funciona como documento sobre a import\u00e2ncia da humaniza\u00e7\u00e3o em ambientes hospitalares.<\/span><\/span><\/p>\n<p class=\"s8\"><span class=\"s7\"><span class=\"bumpedFont15\">Sob a coordena\u00e7\u00e3o de\u00a0<\/span><\/span><span class=\"s6\"><span class=\"bumpedFont15\">Angela Passadori<\/span><\/span><span class=\"s7\"><span class=\"bumpedFont15\">, cada cap\u00edtulo apresenta diferentes perspectivas sobre os encontros proporcionados pelo projeto, mostrando que, muitas vezes, a transforma\u00e7\u00e3o acontece em pequenos gestos.<\/span><\/span><\/p>\n<p class=\"s8\"><span class=\"s7\"><span class=\"bumpedFont15\">A publica\u00e7\u00e3o tamb\u00e9m conta com o trabalho visual de\u00a0<\/span><\/span><span class=\"s6\"><span class=\"bumpedFont15\">Cris Spezzaferro<\/span><\/span><span class=\"s7\"><span class=\"bumpedFont15\">\u00a0na diagrama\u00e7\u00e3o e com a\u00a0<\/span><\/span><span class=\"s6\"><span class=\"bumpedFont15\">Promopress<\/span><\/span><span class=\"s7\"><span class=\"bumpedFont15\">, patrocinadora do livro, respons\u00e1vel por contribuir para que essas hist\u00f3rias pudessem ganhar forma e permanecer como parte do legado do projeto.<\/span><\/span><\/p>\n<p class=\"s10\"><a><\/a><span class=\"s9\"><span class=\"bumpedFont15\">O que o leitor encontra em \u201cEncontros improv\u00e1veis do Jaleco de Bolinhas\u201d<\/span><\/span><\/p>\n<div class=\"s12\"><span class=\"s11\">\u25cf\u00a0<\/span><span class=\"s6\"><span class=\"bumpedFont15\">Hist\u00f3rias reais:<\/span><\/span><span class=\"s7\"><span class=\"bumpedFont15\">\u00a0relatos de encontros marcantes entre os artistas e pacientes de diferentes idades.<\/span><\/span><\/div>\n<div class=\"s13\"><span class=\"s11\">\u25cf\u00a0<\/span><span class=\"s6\"><span class=\"bumpedFont15\">Bastidores das visitas:<\/span><\/span><span class=\"s7\"><span class=\"bumpedFont15\">\u00a0experi\u00eancias que acontecem antes, durante e depois da entrada dos artistas nas alas hospitalares.<\/span><\/span><\/div>\n<div class=\"s13\"><span class=\"s11\">\u25cf\u00a0<\/span><span class=\"s6\"><span class=\"bumpedFont15\">Humaniza\u00e7\u00e3o na pr\u00e1tica:<\/span><\/span><span class=\"s7\"><span class=\"bumpedFont15\">\u00a0reflex\u00f5es sobre o papel da arte, do acolhimento e da escuta no ambiente hospitalar.<\/span><\/span><\/div>\n<div class=\"s13\"><span class=\"s11\">\u25cf\u00a0<\/span><span class=\"s6\"><span class=\"bumpedFont15\">Encontros que transformam:<\/span><\/span><span class=\"s7\"><span class=\"bumpedFont15\">\u00a0hist\u00f3rias que mostram que, muitas vezes, quem acredita estar levando alegria tamb\u00e9m acaba sendo profundamente transformado.<\/span><\/span><\/div>\n<div class=\"s14\"><span class=\"s11\">\u25cf\u00a0<\/span><span class=\"s6\"><span class=\"bumpedFont15\">Mem\u00f3rias do Soul Alegria:<\/span><\/span><span class=\"s7\"><span class=\"bumpedFont15\">\u00a0registros que ajudam a preservar a trajet\u00f3ria de um projeto dedicado a levar arte e afeto a hospitais p\u00fablicos.<\/span><\/span><\/div>\n<p class=\"s10\"><a><\/a><span class=\"s9\"><span class=\"bumpedFont15\">Um lan\u00e7amento dentro da Bienal do Livro<\/span><\/span><\/p>\n<p class=\"s8\"><span class=\"s7\"><span class=\"bumpedFont15\">A escolha da\u00a0<\/span><\/span><span class=\"s6\"><span class=\"bumpedFont15\">Bienal do Livro 2026<\/span><\/span><span class=\"s7\"><span class=\"bumpedFont15\">\u00a0para o lan\u00e7amento refor\u00e7a a proposta de ampliar o alcance dessas hist\u00f3rias. Se dentro dos hospitais o Soul Alegria leva a arte at\u00e9 quem atravessa momentos de vulnerabilidade, agora o livro faz o caminho inverso: leva essas experi\u00eancias para o p\u00fablico e convida cada leitor a refletir sobre empatia, cuidado e humaniza\u00e7\u00e3o.<\/span><\/span><\/p>\n<p class=\"s8\"><span class=\"s7\"><span class=\"bumpedFont15\">O lan\u00e7amento acontece no\u00a0<\/span><\/span><span class=\"s6\"><span class=\"bumpedFont15\">dia 11 de setembro de 2026<\/span><\/span><span class=\"s7\"><span class=\"bumpedFont15\">, durante a programa\u00e7\u00e3o da\u00a0<\/span><\/span><span class=\"s6\"><span class=\"bumpedFont15\">Bienal do Livro<\/span><\/span><span class=\"s7\"><span class=\"bumpedFont15\">, em S\u00e3o Paulo, com a presen\u00e7a dos autores e integrantes do Soul Alegria.<\/span><\/span><\/p>\n<p class=\"s8\"><span class=\"s7\"><span class=\"bumpedFont15\">A expectativa \u00e9 que o encontro tamb\u00e9m seja uma oportunidade para apresentar ao p\u00fablico a trajet\u00f3ria do projeto, conversar sobre os bastidores da humaniza\u00e7\u00e3o hospitalar e compartilhar algumas das hist\u00f3rias que deram origem \u00e0 publica\u00e7\u00e3o.<\/span><\/span><\/p>\n<p class=\"s10\"><a><\/a><span class=\"s9\"><span class=\"bumpedFont15\">Sobre o Soul Alegria<\/span><\/span><\/p>\n<p class=\"s8\"><span class=\"s7\"><span class=\"bumpedFont15\">Fundado em\u00a0<\/span><\/span><span class=\"s6\"><span class=\"bumpedFont15\">janeiro de 2011<\/span><\/span><span class=\"s7\"><span class=\"bumpedFont15\">, o\u00a0<\/span><\/span><span class=\"s6\"><span class=\"bumpedFont15\">Grupo Soul Alegria<\/span><\/span><span class=\"s7\"><span class=\"bumpedFont15\">\u00a0atua com interven\u00e7\u00f5es art\u00edsticas e l\u00fadicas voltadas \u00e0 humaniza\u00e7\u00e3o de ambientes hospitalares e vulner\u00e1veis. O projeto re\u00fane artistas capacitados para levar acolhimento, escuta, arte e alegria a pacientes, acompanhantes e profissionais da sa\u00fade.<\/span><\/span><\/p>\n<p class=\"s8\"><span class=\"s7\"><span class=\"bumpedFont15\">Ao longo de sua trajet\u00f3ria, o grupo j\u00e1 realizou a\u00e7\u00f5es em institui\u00e7\u00f5es como\u00a0<\/span><\/span><span class=\"s6\"><span class=\"bumpedFont15\">A.C.Camargo Cancer Center, Instituto Dante Pazzanese, Hospital do Servidor P\u00fablico Municipal (HSPM) e Hospital Municipal Infantil Menino Jesus<\/span><\/span><span class=\"s7\"><span class=\"bumpedFont15\">.<\/span><\/span><\/p>\n<p class=\"s8\"><span class=\"s7\"><span class=\"bumpedFont15\">Entre os artistas que integram o Soul Alegria est\u00e3o\u00a0<\/span><\/span><span class=\"s6\"><span class=\"bumpedFont15\">Clerson Pacheco, o Dr. Miojo, fundador e diretor do projeto; Michelle Marques, a Dra. Mimi Bananais; e Paulo Everson, o Dr. J\u00e3o Basti\u00e3o<\/span><\/span><span class=\"s7\"><span class=\"bumpedFont15\">.<\/span><\/span><\/p>\n<p class=\"s15\"><span class=\"s6\"><span class=\"bumpedFont15\">Lan\u00e7amento de \u201cEncontros improv\u00e1veis do Jaleco de Bolinhas\u201d<\/span><\/span><\/p>\n<p class=\"s15\"><span class=\"s6\"><span class=\"bumpedFont15\"><br \/><\/span><\/span><span class=\"s6\"><span class=\"bumpedFont15\">Data:<\/span><\/span><span class=\"s7\"><span class=\"bumpedFont15\">\u00a011 de setembro de 2026<\/span><\/span><span class=\"s7\"><span class=\"bumpedFont15\"><br \/><\/span><\/span><span class=\"s6\"><span class=\"bumpedFont15\">Local:<\/span><\/span><span class=\"s7\"><span class=\"bumpedFont15\">\u00a0Bienal do Livro 2026 \u2013 S\u00e3o Paulo &#8211; \u00a0<\/span><\/span><span class=\"s7\"><span class=\"bumpedFont15\">S<\/span><\/span><span class=\"s7\"><span class=\"bumpedFont15\">tand da ABIGRAF com patroc\u00ednio da gr\u00e1fica PromoPress.\u00a0<\/span><\/span><\/p>\n<p class=\"s15\"><span class=\"s6\"><span class=\"bumpedFont15\">Hor\u00e1rio<\/span><\/span><span class=\"s7\"><span class=\"bumpedFont15\">: Das 13h \u00e0s 20h<\/span><\/span><span class=\"s7\"><span class=\"bumpedFont15\"><br \/><\/span><\/span><span class=\"s6\"><span class=\"bumpedFont15\">Autores:<\/span><\/span><span class=\"s7\"><span class=\"bumpedFont15\">\u00a0Adriana Fetter e Clerson Pacheco<\/span><\/span><span class=\"s7\"><span class=\"bumpedFont15\"><br \/><\/span><\/span><span class=\"s6\"><span class=\"bumpedFont15\">Projeto:<\/span><\/span><span class=\"s7\"><span class=\"bumpedFont15\">\u00a0Grupo Soul Alegria<\/span><\/span><\/p>\n<p class=\"s8\"><a href=\"https:\/\/www.bienaldolivrosp.com.br\/pt-br.html\"><span class=\"s16\"><span class=\"bumpedFont15\">https:\/\/www.bienaldolivrosp.com.br\/pt-br.html<\/span><\/span><\/a><span class=\"s7\"><span class=\"bumpedFont15\"><\/span><\/span><\/p>\n<p class=\"s17\"><span class=\"s7\">\u00a0<\/span><\/p>\n","protected":false},"excerpt":{"rendered":"<p>\u201cEncontros improv\u00e1veis do Jaleco de Bolinhas\u201d re\u00fane relatos reais de encontros entre artistas, pacientes, acompanhantes e profissionais da sa\u00fade e chega ao p\u00fablico no dia 11 de setembro, em S\u00e3o Paulo<\/p>\n","protected":false},"author":3003182825,"featured_media":6237,"comment_status":"","ping_status":"","sticky":false,"template":"","format":"standard","meta":{"footnotes":""},"categories":[3],"tags":[],"class_list":["post-6238","post","type-post","status-publish","format-standard","has-post-thumbnail","hentry","category-geral"],"_links":{"self":[{"href":"https:\/\/vitrinedafama.com.br\/index.php\/wp-json\/wp\/v2\/posts\/6238","targetHints":{"allow":["GET"]}}],"collection":[{"href":"https:\/\/vitrinedafama.com.br\/index.php\/wp-json\/wp\/v2\/posts"}],"about":[{"href":"https:\/\/vitrinedafama.com.br\/index.php\/wp-json\/wp\/v2\/types\/post"}],"author":[{"embeddable":true,"href":"https:\/\/vitrinedafama.com.br\/index.php\/wp-json\/wp\/v2\/users\/3003182825"}],"replies":[{"embeddable":true,"href":"https:\/\/vitrinedafama.com.br\/index.php\/wp-json\/wp\/v2\/comments?post=6238"}],"version-history":[{"count":0,"href":"https:\/\/vitrinedafama.com.br\/index.php\/wp-json\/wp\/v2\/posts\/6238\/revisions"}],"wp:featuredmedia":[{"embeddable":true,"href":"https:\/\/vitrinedafama.com.br\/index.php\/wp-json\/wp\/v2\/media\/6237"}],"wp:attachment":[{"href":"https:\/\/vitrinedafama.com.br\/index.php\/wp-json\/wp\/v2\/media?parent=6238"}],"wp:term":[{"taxonomy":"category","embeddable":true,"href":"https:\/\/vitrinedafama.com.br\/index.php\/wp-json\/wp\/v2\/categories?post=6238"},{"taxonomy":"post_tag","embeddable":true,"href":"https:\/\/vitrinedafama.com.br\/index.php\/wp-json\/wp\/v2\/tags?post=6238"}],"curies":[{"name":"wp","href":"https:\/\/api.w.org\/{rel}","templated":true}]}}