{"id":6235,"date":"2026-09-01T15:07:55","date_gmt":"2026-09-01T18:07:55","guid":{"rendered":"https:\/\/vitrinedafama.com.br\/index.php\/2026\/09\/01\/telemedicina-corporativa-quando-o-beneficio-vira-indicador-de-gestao\/"},"modified":"2026-09-01T15:07:55","modified_gmt":"2026-09-01T18:07:55","slug":"telemedicina-corporativa-quando-o-beneficio-vira-indicador-de-gestao","status":"publish","type":"post","link":"https:\/\/vitrinedafama.com.br\/index.php\/2026\/09\/01\/telemedicina-corporativa-quando-o-beneficio-vira-indicador-de-gestao\/","title":{"rendered":"Telemedicina corporativa: quando o benef\u00edcio vira indicador de gest\u00e3o"},"content":{"rendered":"<p style=\"font-style:italic;font-size:1.1em;margin-bottom:1em\">A telessa\u00fade brasileira j\u00e1 soma quase 8 milh\u00f5es de atendimentos e quase um ter\u00e7o deles \u00e9 custeado por benef\u00edcios corporativos. Para as empresas, o atendimento m\u00e9dico digital deixou de ser um item de pacote de RH e passou a ser lido como ferramenta de gest\u00e3o de absente\u00edsmo, produtividade e custo assistencial.<\/p>\n<h2><strong>De benef\u00edcio a infraestrutura<\/strong><\/h2>\n<p>H\u00e1 uma mudan\u00e7a silenciosa em curso na forma como as empresas brasileiras tratam a sa\u00fade de seus times. Durante anos, o atendimento m\u00e9dico digital foi apresentado ao colaborador como cortesia: um telefone na parede do refeit\u00f3rio, um link esquecido no mural do RH. Esse ciclo terminou. A telemedicina corporativa vem sendo desenhada, cada vez mais, como uma camada de infraestrutura da opera\u00e7\u00e3o, com fluxo definido de triagem, teleconsulta e encaminhamento, governan\u00e7a de dados e, sobretudo, indicadores acompanhados pela gest\u00e3o.<\/p>\n<p>A regulamenta\u00e7\u00e3o ajudou a maturar esse desenho. Desde a Lei 14.510, de 2022, a telessa\u00fade tem marco legal permanente no pa\u00eds, com princ\u00edpios de seguran\u00e7a assistencial, consentimento, registro em prontu\u00e1rio e responsabilidade profissional. O que era exce\u00e7\u00e3o emergencial da pandemia virou pr\u00e1tica regulada, audit\u00e1vel e, portanto, contrat\u00e1vel em escala pelas empresas.<\/p>\n<h2><strong>O que os n\u00fameros dizem<\/strong><\/h2>\n<p>Os dados confirmam a consolida\u00e7\u00e3o. O Painel de Indicadores da Sa\u00fade Digital Brasil, desenvolvido com o Datalab da Serasa Experian, registrou mais de 7,98 milh\u00f5es de atendimentos de telessa\u00fade no pa\u00eds entre 2020 e 2025, com taxa de resolutividade de 72,96%: quase tr\u00eas em cada quatro demandas foram solucionadas no pr\u00f3prio ambiente digital, sem necessidade de encaminhamento presencial. A teleconsulta responde por 97% desses atendimentos.<\/p>\n<p>O recorte de financiamento \u00e9 o que mais interessa ao mundo corporativo: os planos de sa\u00fade concentram 42% dos atendimentos monitorados, mas os benef\u00edcios corporativos j\u00e1 respondem por 31%, \u00e0 frente do custeio p\u00fablico e do particular. Levantamento da Fenasa\u00fade aponta na mesma dire\u00e7\u00e3o em volume: foram mais de 30 milh\u00f5es de atendimentos m\u00e9dicos remotos no Brasil em 2023, alta de 172% sobre o tri\u00eanio anterior. A empresa, como pagadora, virou protagonista da telessa\u00fade brasileira.<\/p>\n<h2><strong>Absente\u00edsmo, o custo invis\u00edvel<\/strong><\/h2>\n<p>A raz\u00e3o \u00e9 econ\u00f4mica antes de ser assistencial. Cada aus\u00eancia n\u00e3o planejada carrega um custo que raramente aparece nos relat\u00f3rios: a produtividade perdida do dia, o retrabalho, a sobrecarga do time que cobre a lacuna, o atraso em cadeia nas entregas. Estimativas do setor de sa\u00fade corporativa indicam que o absente\u00edsmo custa \u00e0s empresas brasileiras a casa das centenas de bilh\u00f5es de reais por ano, e que os transtornos mentais avan\u00e7am de forma expressiva entre as causas de afastamento.<\/p>\n<p>\u00c9 nesse ponto que a telemedicina corporativa muda de natureza. Quando o colaborador resolve em minutos, pelo aplicativo, uma demanda que antes exigiria meio per\u00edodo de aus\u00eancia para uma consulta presencial, o benef\u00edcio se converte em indicador: horas n\u00e3o perdidas, idas evit\u00e1veis ao pronto-socorro, afastamentos curtos que n\u00e3o escalam para longos. Programas estruturados de sa\u00fade e bem-estar est\u00e3o associados, em estudos do mercado de benef\u00edcios, a redu\u00e7\u00f5es relevantes de absente\u00edsmo e a ganhos de engajamento.<\/p>\n<h2><strong>Governan\u00e7a: o desenho importa mais que a assinatura<\/strong><\/h2>\n<p>Contratar uma plataforma, por\u00e9m, n\u00e3o \u00e9 implantar um programa. A diferen\u00e7a entre a telemedicina que vira estat\u00edstica de uso e a que vira resultado de gest\u00e3o est\u00e1 no desenho: objetivos mensur\u00e1veis definidos com o RH, jornada completa de triagem, teleconsulta e encaminhamento, separa\u00e7\u00e3o clara entre a medicina assistencial e a medicina do trabalho, comunica\u00e7\u00e3o ativa ao colaborador e rotina de revis\u00e3o de indicadores entre a empresa e o fornecedor.<\/p>\n<p>\u00c9 a tese que orienta a opera\u00e7\u00e3o da <a rel=\"nofollow\" target=\"_blank\" href=\"https:\/\/www.voxcare.com.br\/\">Voxcare, plataforma brasileira que re\u00fane telemedicina, apoio psicol\u00f3gico e nutricional e clube de benef\u00edcios em um \u00fanico aplicativo, atendendo empresas e institui\u00e7\u00f5es parceiras<\/a>.&nbsp;<\/p>\n<p>&#8220;O erro cl\u00e1ssico \u00e9 tratar telemedicina como um link no mural do RH. O que entregamos \u00e9 um programa: porta de entrada assistencial com SLA, encaminhamento correto e indicadores que o gestor acompanha todo m\u00eas. Quando o RH enxerga absente\u00edsmo caindo no dashboard, o benef\u00edcio deixa de ser custo e vira decis\u00e3o de gest\u00e3o&#8221;, afirma Sonia Cardoso, CEO da Voxcare.<\/p>\n<p>O modelo da companhia inclui ainda um segundo movimento, o B2B2C: al\u00e9m de empresas, institui\u00e7\u00f5es com bases recorrentes de pessoas, como a escola de avia\u00e7\u00e3o CEAB Brasil, passam a embutir a plataforma na pr\u00f3pria jornada de seus alunos, estendendo a l\u00f3gica do cuidado estruturado para fora do v\u00ednculo empregat\u00edcio.<\/p>\n<h2><strong>O pr\u00f3ximo ciclo<\/strong><\/h2>\n<p>O mercado de benef\u00edcios corporativos brasileiro movimenta cerca de R$ 150 bilh\u00f5es por ano e segue crescendo perto de dois d\u00edgitos. \u00c0 medida que a telessa\u00fade se consolida como camada transversal desse mercado, a pergunta das empresas muda de &#8220;devo oferecer telemedicina?&#8221; para &#8220;o que a minha telemedicina est\u00e1 me mostrando?&#8221;. No pr\u00f3ximo ciclo, o diferencial competitivo n\u00e3o estar\u00e1 em ter o benef\u00edcio, e sim em govern\u00e1-lo: transformar atendimento digital em dado, dado em indicador e indicador em decis\u00e3o. As empresas que fizerem essa convers\u00e3o primeiro tendem a colher o que hoje ainda \u00e9 invis\u00edvel nos relat\u00f3rios: o custo que deixou de existir.<\/p>\n<p><img loading=\"lazy\" decoding=\"async\" src=\"https:\/\/us-central1-pulsebrand-plataforma.cloudfunctions.net\/trackPixel?c=11df2364-2c41-4ce7-a049-fa6e5f7c5da4&amp;v=9642532c-d3e1-4b4a-965f-37a051db438a&amp;p=881a33ed-2087-45c5-80f1-767341edd15c\" width=\"1\" height=\"1\" alt=\"\" style=\"display:none\" \/><\/p>\n","protected":false},"excerpt":{"rendered":"<p>A telessa\u00fade brasileira j\u00e1 soma quase 8 milh\u00f5es de atendimentos e quase um ter\u00e7o deles \u00e9 custeado por benef\u00edcios corporativos. Para as empresas, o atendimento m\u00e9dico digital deixou de ser um item de pacote de RH e passou a ser lido como ferramenta de gest\u00e3o de absente\u00edsmo, produtividade e custo assistencial.<\/p>\n","protected":false},"author":3647118390,"featured_media":6234,"comment_status":"","ping_status":"","sticky":false,"template":"","format":"standard","meta":{"footnotes":""},"categories":[3],"tags":[],"class_list":["post-6235","post","type-post","status-publish","format-standard","has-post-thumbnail","hentry","category-geral"],"_links":{"self":[{"href":"https:\/\/vitrinedafama.com.br\/index.php\/wp-json\/wp\/v2\/posts\/6235","targetHints":{"allow":["GET"]}}],"collection":[{"href":"https:\/\/vitrinedafama.com.br\/index.php\/wp-json\/wp\/v2\/posts"}],"about":[{"href":"https:\/\/vitrinedafama.com.br\/index.php\/wp-json\/wp\/v2\/types\/post"}],"author":[{"embeddable":true,"href":"https:\/\/vitrinedafama.com.br\/index.php\/wp-json\/wp\/v2\/users\/3647118390"}],"replies":[{"embeddable":true,"href":"https:\/\/vitrinedafama.com.br\/index.php\/wp-json\/wp\/v2\/comments?post=6235"}],"version-history":[{"count":0,"href":"https:\/\/vitrinedafama.com.br\/index.php\/wp-json\/wp\/v2\/posts\/6235\/revisions"}],"wp:featuredmedia":[{"embeddable":true,"href":"https:\/\/vitrinedafama.com.br\/index.php\/wp-json\/wp\/v2\/media\/6234"}],"wp:attachment":[{"href":"https:\/\/vitrinedafama.com.br\/index.php\/wp-json\/wp\/v2\/media?parent=6235"}],"wp:term":[{"taxonomy":"category","embeddable":true,"href":"https:\/\/vitrinedafama.com.br\/index.php\/wp-json\/wp\/v2\/categories?post=6235"},{"taxonomy":"post_tag","embeddable":true,"href":"https:\/\/vitrinedafama.com.br\/index.php\/wp-json\/wp\/v2\/tags?post=6235"}],"curies":[{"name":"wp","href":"https:\/\/api.w.org\/{rel}","templated":true}]}}