{"id":6233,"date":"2026-09-01T14:07:20","date_gmt":"2026-09-01T17:07:20","guid":{"rendered":"https:\/\/vitrinedafama.com.br\/index.php\/2026\/09\/01\/marcio-art-celebra-trajet-ria-que-atravessa-gera-es-do-pagode-e-apresenta-volta-pra-mim\/"},"modified":"2026-09-01T14:07:20","modified_gmt":"2026-09-01T17:07:20","slug":"marcio-art-celebra-trajet-ria-que-atravessa-gera-es-do-pagode-e-apresenta-volta-pra-mim","status":"publish","type":"post","link":"https:\/\/vitrinedafama.com.br\/index.php\/2026\/09\/01\/marcio-art-celebra-trajet-ria-que-atravessa-gera-es-do-pagode-e-apresenta-volta-pra-mim\/","title":{"rendered":"Marcio Art celebra trajet\u00f3ria que atravessa gera\u00e7\u00f5es do pagode e apresenta \u201cVolta Pra Mim\u201d"},"content":{"rendered":"<\/p>\n<p class=\"s3\"><\/p>\n<p class=\"s6\"><span>A hist\u00f3ria de\u00a0<\/span><span class=\"s4\">Marcio Ferreira Lisboa, o Marcio Art<\/span><span>, est\u00e1 diretamente ligada a um dos per\u00edodos mais marcantes da m\u00fasica brasileira. Natural da Zona Norte de S\u00e3o Paulo, o cantor viveu de perto a explos\u00e3o do pagode nos anos 90 e fez parte da trajet\u00f3ria do\u00a0<\/span><span class=\"s4\">Art Popular<\/span><span>, grupo que se tornou uma das refer\u00eancias do g\u00eanero e ajudou a consolidar o pagode paulista em todo o pa\u00eds.<\/span><\/p>\n<p class=\"s6\"><span>A rela\u00e7\u00e3o de M\u00e1rcio com a m\u00fasica, no entanto, come\u00e7ou muito antes da profissionaliza\u00e7\u00e3o. Inspirado pelo pai, ele cantava desde os 10 anos de idade em festinhas e almo\u00e7os de fam\u00edlia. O que come\u00e7ou ainda na inf\u00e2ncia se transformou em uma trajet\u00f3ria profissional constru\u00edda ao longo de d\u00e9cadas, tendo o samba e o pagode como principais refer\u00eancias.<\/span><\/p>\n<p class=\"s6\"><span>Depois de sua experi\u00eancia com o Art Popular e de uma trajet\u00f3ria marcada por importantes momentos do pagode brasileiro,\u00a0<\/span><span class=\"s4\">Marcio Art constr\u00f3i desde 2011 sua carreira solo<\/span><span>, desenvolvendo novos trabalhos, realizando apresenta\u00e7\u00f5es e mantendo uma rela\u00e7\u00e3o constante com o p\u00fablico. Ao longo desse per\u00edodo, o artista consolidou uma identidade pr\u00f3pria sem se afastar das ra\u00edzes que marcaram sua forma\u00e7\u00e3o musical.<\/span><\/p>\n<p class=\"s6\"><span>\u00c9 justamente essa longevidade que conecta o artista ao atual momento de valoriza\u00e7\u00e3o do pagode dos anos 90. M\u00e1rcio Art participou de\u00a0<\/span><span class=\"s4\">um document\u00e1rio da Globoplay dedicado \u00e0 hist\u00f3ria do g\u00eanero naquela d\u00e9cada<\/span><span>, contribuindo com sua experi\u00eancia e suas mem\u00f3rias de quem esteve diretamente inserido naquela cena musical.<\/span><\/p>\n<p class=\"s6\"><span><br \/><\/span><\/p>\n<p class=\"s6\"><span><\/span><\/p>\n<figure class=\"article-media aligncenter\"><img decoding=\"async\" class=\"aligncenter\" src=\"https:\/\/vitrinedafama.com.br\/wp-content\/uploads\/2026\/09\/20260901140301-inline-7e706845.jpg\" alt=\"\"><figcaption>Divulga\u00e7\u00e3o\u00a0<\/figcaption><\/figure>\n<\/p>\n<p class=\"s6\"><span><br \/><\/span><\/p>\n<p class=\"s6\"><span>A participa\u00e7\u00e3o no projeto refor\u00e7a a relev\u00e2ncia de sua trajet\u00f3ria e mostra como a hist\u00f3ria constru\u00edda por aquela gera\u00e7\u00e3o continua reverberando. O pagode dos anos 90 permanece presente na mem\u00f3ria afetiva de milh\u00f5es de brasileiros e, ao mesmo tempo, vem conquistando novos ouvintes, que descobrem artistas e grupos respons\u00e1veis por transformar o g\u00eanero em um fen\u00f4meno nacional.<\/span><\/p>\n<p class=\"s6\"><span>Sem transformar o passado em um ponto de chegada, Marcio Art segue movimentando sua carreira e apresentando novidades.\u00a0<\/span><span class=\"s4\">\u201cVolta Pra Mim\u201d \u00e9 sua atual m\u00fasica de trabalho<\/span><span>\u00a0e representa esse momento de continuidade art\u00edstica, em que o cantor mant\u00e9m suas ra\u00edzes no pagode enquanto apresenta novas can\u00e7\u00f5es e projetos ao p\u00fablico.<\/span><\/p>\n<p class=\"s6\"><span>A faixa chega como parte de uma trajet\u00f3ria que nunca foi interrompida.\u00a0<\/span><span class=\"s4\">Marcio Art nunca deixou de cantar, produzir e estar presente na cena do pagode.<\/span><span>\u00a0Sua carreira solo vem sendo constru\u00edda de forma cont\u00ednua desde 2011, mantendo viva a conex\u00e3o com o g\u00eanero que acompanha sua vida desde a inf\u00e2ncia.\u00a0<\/span><\/p>\n<p class=\"s6\"><span>Paralelamente \u00e0 carreira solo, Marcio Art tamb\u00e9m integra o projeto\u00a0<\/span><span class=\"s4\">Samba 90 Graus<\/span><span>, ao lado de\u00a0<\/span><span class=\"s4\">Netinho de Paula e Chrigor<\/span><span>. A iniciativa re\u00fane no mesmo palco tr\u00eas nomes ligados \u00e0 hist\u00f3ria do pagode brasileiro e celebra a for\u00e7a de um g\u00eanero que marcou uma gera\u00e7\u00e3o e continua atravessando diferentes p\u00fablicos. Para M\u00e1rcio, o projeto representa mais uma frente de atua\u00e7\u00e3o em uma carreira que permanece ativa e conectada \u00e0s suas ra\u00edzes musicais.<\/span><\/p>\n<p class=\"s6\"><span>Entre as lembran\u00e7as de uma d\u00e9cada que marcou o pagode brasileiro e os novos cap\u00edtulos de sua carreira, Marcio Art representa uma trajet\u00f3ria de perman\u00eancia. Um artista que ajudou a escrever parte dessa hist\u00f3ria e que continua escrevendo a sua, agora com novas m\u00fasicas, novos projetos e a mesma paix\u00e3o que o acompanha desde os 10 anos.<\/span><\/p>\n<p class=\"s6\"><span>Com\u00a0<\/span><span class=\"s4\">\u201cVolta Pra Mim\u201d<\/span><span>, Marcio Art reafirma sua identidade e mostra que, para quem vive verdadeiramente o pagode,\u00a0<\/span><span class=\"s4\">a hist\u00f3ria n\u00e3o \u00e9 feita apenas de grandes momentos do passado, mas tamb\u00e9m de tudo aquilo que continua sendo constru\u00eddo no presente<\/span><span>.<\/span><\/p>\n<p class=\"s8\"><span class=\"s4\">Ou\u00e7a aqui Volta Pra Mim &#8211;\u00a0<\/span><a href=\"https:\/\/open.spotify.com\/track\/3WjNw0oOZvUCgCcDH0TvYY?si=8BujBzPmQIOUESP1NSsttw&amp;utm_source=copy-link\"><span class=\"s7\">https:\/\/open.spotify.com\/track\/3WjNw0oOZvUCgCcDH0TvYY?si=8BujBzPmQIOUESP1NSsttw&amp;utm_source=copy-link<\/span><\/a><\/p>\n<p class=\"s9\"><span class=\"s4\">Contatos Imprensa Marcio Art\u00a0<\/span><\/p>\n<p class=\"s9\"><span>Carol Freitas Assessoria\u00a0<\/span><\/p>\n<p class=\"s9\"><span>11 98110-6493\u00a0<\/span><\/p>\n<p class=\"s9\"><a><span class=\"s7\">Carolfreitas.jornalista@gmail.com<\/span><\/a><\/p>\n","protected":false},"excerpt":{"rendered":"<p>Com passagem pelo grupo Art Popular e uma carreira solo constru\u00edda desde 2011, cantor segue em plena atividade e revisita sua hist\u00f3ria em document\u00e1rio da Globoplay sobre o pagode dos anos 90<\/p>\n","protected":false},"author":3003182825,"featured_media":6232,"comment_status":"","ping_status":"","sticky":false,"template":"","format":"standard","meta":{"footnotes":""},"categories":[3],"tags":[],"class_list":["post-6233","post","type-post","status-publish","format-standard","has-post-thumbnail","hentry","category-geral"],"_links":{"self":[{"href":"https:\/\/vitrinedafama.com.br\/index.php\/wp-json\/wp\/v2\/posts\/6233","targetHints":{"allow":["GET"]}}],"collection":[{"href":"https:\/\/vitrinedafama.com.br\/index.php\/wp-json\/wp\/v2\/posts"}],"about":[{"href":"https:\/\/vitrinedafama.com.br\/index.php\/wp-json\/wp\/v2\/types\/post"}],"author":[{"embeddable":true,"href":"https:\/\/vitrinedafama.com.br\/index.php\/wp-json\/wp\/v2\/users\/3003182825"}],"replies":[{"embeddable":true,"href":"https:\/\/vitrinedafama.com.br\/index.php\/wp-json\/wp\/v2\/comments?post=6233"}],"version-history":[{"count":0,"href":"https:\/\/vitrinedafama.com.br\/index.php\/wp-json\/wp\/v2\/posts\/6233\/revisions"}],"wp:featuredmedia":[{"embeddable":true,"href":"https:\/\/vitrinedafama.com.br\/index.php\/wp-json\/wp\/v2\/media\/6232"}],"wp:attachment":[{"href":"https:\/\/vitrinedafama.com.br\/index.php\/wp-json\/wp\/v2\/media?parent=6233"}],"wp:term":[{"taxonomy":"category","embeddable":true,"href":"https:\/\/vitrinedafama.com.br\/index.php\/wp-json\/wp\/v2\/categories?post=6233"},{"taxonomy":"post_tag","embeddable":true,"href":"https:\/\/vitrinedafama.com.br\/index.php\/wp-json\/wp\/v2\/tags?post=6233"}],"curies":[{"name":"wp","href":"https:\/\/api.w.org\/{rel}","templated":true}]}}