{"id":6226,"date":"2026-09-01T11:12:11","date_gmt":"2026-09-01T14:12:11","guid":{"rendered":"https:\/\/vitrinedafama.com.br\/?p=6226"},"modified":"2026-09-01T11:12:11","modified_gmt":"2026-09-01T14:12:11","slug":"antes-de-buscar-poder-e-preciso-conhecer-a-si-mesmo-afirma-mestre-sollarys-sobre-o-luciferianismo","status":"publish","type":"post","link":"https:\/\/vitrinedafama.com.br\/index.php\/2026\/09\/01\/antes-de-buscar-poder-e-preciso-conhecer-a-si-mesmo-afirma-mestre-sollarys-sobre-o-luciferianismo\/","title":{"rendered":"Antes de buscar poder, \u00e9 preciso conhecer a si mesmo, afirma Mestre Sollarys sobre o luciferianismo"},"content":{"rendered":"\n<p class=\"wp-block-paragraph\">Para Mestre Sollarys, olhar para as pr\u00f3prias sombras \u00e9 reconhecer desejos, medos, limites e potencialidades como um dos princ\u00edpios fundamentais da filosofia luciferiana.<\/p>\n\n\n\n<p class=\"wp-block-paragraph\">Muito al\u00e9m das imagens associadas ao ocultismo e das interpreta\u00e7\u00f5es constru\u00eddas pelo imagin\u00e1rio popular, o luciferianismo apresenta uma proposta profundamente voltada ao indiv\u00edduo. Para Mestre Sollarys, um dos pilares dessa filosofia est\u00e1 justamente no autoconhecimento.<\/p>\n\n\n\n<p class=\"wp-block-paragraph\">A ideia parte de um princ\u00edpio aparentemente simples: antes de tentar dominar qualquer aspecto da pr\u00f3pria vida, o indiv\u00edduo precisa conhecer a si mesmo.<\/p>\n\n\n\n<figure class=\"wp-block-image size-large\"><img loading=\"lazy\" decoding=\"async\" width=\"683\" height=\"1024\" src=\"https:\/\/vitrinedafama.com.br\/wp-content\/uploads\/2026\/09\/Sentado-cajado-683x1024.jpeg\" alt=\"\" class=\"wp-image-6228\" srcset=\"https:\/\/vitrinedafama.com.br\/wp-content\/uploads\/2026\/09\/Sentado-cajado-683x1024.jpeg 683w, https:\/\/vitrinedafama.com.br\/wp-content\/uploads\/2026\/09\/Sentado-cajado-200x300.jpeg 200w, https:\/\/vitrinedafama.com.br\/wp-content\/uploads\/2026\/09\/Sentado-cajado-768x1152.jpeg 768w, https:\/\/vitrinedafama.com.br\/wp-content\/uploads\/2026\/09\/Sentado-cajado.jpeg 1000w\" sizes=\"auto, (max-width: 683px) 100vw, 683px\" \/><figcaption class=\"wp-element-caption\">Imagem: Divulga\u00e7\u00e3o \/ Mestre Sollarys<\/figcaption><\/figure>\n\n\n\n<p class=\"wp-block-paragraph\">Isso significa reconhecer qualidades e potencialidades, mas tamb\u00e9m encarar aquilo que normalmente se tenta esconder: Medos, inseguran\u00e7as, desejos, impulsos, traumas, ambi\u00e7\u00f5es, limita\u00e7\u00f5es e contradi\u00e7\u00f5es fazem parte desse processo.<\/p>\n\n\n\n<p class=\"wp-block-paragraph\">\u201cConhecer apenas aquilo que gostamos em n\u00f3s mesmos n\u00e3o \u00e9 autoconhecimento. \u00c9 preciso ter coragem para olhar tamb\u00e9m para aquilo que incomoda, porque muitas vezes \u00e9 justamente ali que est\u00e3o as respostas para os padr\u00f5es que repetimos durante a vida\u201d, explica Mestre Sollarys.<\/p>\n\n\n\n<p class=\"wp-block-paragraph\">Dentro dessa perspectiva, L\u00facifer est\u00e1 relacionado \u00e0 luz e ao conhecimento. Essa \u201cluz\u201d, segundo Sollarys, n\u00e3o estaria apenas na busca por conhecimentos externos, mas principalmente na capacidade de iluminar aquilo que permanece desconhecido dentro do pr\u00f3prio indiv\u00edduo.<\/p>\n\n\n\n<p class=\"wp-block-paragraph\">Por isso, o luciferianismo n\u00e3o prop\u00f5e simplesmente uma busca por poder externo. Antes disso, existe um processo de compreens\u00e3o e dom\u00ednio de si.<\/p>\n\n\n\n<p class=\"wp-block-paragraph\">Para Mestre Sollarys, uma pessoa que desconhece seus pr\u00f3prios desejos pode facilmente viver de acordo com as expectativas dos outros. Da mesma maneira, quem n\u00e3o reconhece seus medos pode permitir que eles determinem escolhas importantes sem sequer perceber.<\/p>\n\n\n\n<p class=\"wp-block-paragraph\">O autoconhecimento, ent\u00e3o, passa a representar a \u201cliberdade\u201d.<\/p>\n\n\n\n<p class=\"wp-block-paragraph\">Ao compreender melhor seus pr\u00f3prios mecanismos, o indiv\u00edduo pode questionar cren\u00e7as herdadas, identificar comportamentos repetitivos e decidir conscientemente quais valores deseja manter e quais j\u00e1 n\u00e3o fazem sentido para sua trajet\u00f3ria.<\/p>\n\n\n\n<figure class=\"wp-block-image size-large\"><img loading=\"lazy\" decoding=\"async\" width=\"854\" height=\"1024\" src=\"https:\/\/vitrinedafama.com.br\/wp-content\/uploads\/2026\/09\/Olhando-para-o-lado-854x1024.jpeg\" alt=\"\" class=\"wp-image-6229\" srcset=\"https:\/\/vitrinedafama.com.br\/wp-content\/uploads\/2026\/09\/Olhando-para-o-lado-854x1024.jpeg 854w, https:\/\/vitrinedafama.com.br\/wp-content\/uploads\/2026\/09\/Olhando-para-o-lado-250x300.jpeg 250w, https:\/\/vitrinedafama.com.br\/wp-content\/uploads\/2026\/09\/Olhando-para-o-lado-768x921.jpeg 768w, https:\/\/vitrinedafama.com.br\/wp-content\/uploads\/2026\/09\/Olhando-para-o-lado-1280x1536.jpeg 1280w, https:\/\/vitrinedafama.com.br\/wp-content\/uploads\/2026\/09\/Olhando-para-o-lado.jpeg 1333w\" sizes=\"auto, (max-width: 854px) 100vw, 854px\" \/><figcaption class=\"wp-element-caption\">Imagem: Divulga\u00e7\u00e3o \/ Mestre Sollarys<\/figcaption><\/figure>\n\n\n\n<p class=\"wp-block-paragraph\">Esse processo, entretanto, n\u00e3o significa aus\u00eancia de limites ou fazer tudo aquilo que se deseja, o luciferianismo \u00e9 contra o Hedonismo desvairado. Pelo contr\u00e1rio. Sollarys defende que conhecer os pr\u00f3prios impulsos tamb\u00e9m significa aprender a administr\u00e1-los e compreender as consequ\u00eancias das pr\u00f3prias escolhas.<\/p>\n\n\n\n<p class=\"wp-block-paragraph\">Nesse sentido, responsabilidade individual e autoconhecimento caminham juntos.<\/p>\n\n\n\n<p class=\"wp-block-paragraph\">Para Mestre Sollarys, a filosofia luciferiana convida o indiv\u00edduo a abandonar uma exist\u00eancia conduzida apenas por automatismos e assumir uma postura mais consciente diante da pr\u00f3pria vida.<\/p>\n\n\n\n<p class=\"wp-block-paragraph\">Afinal, antes de buscar respostas sobre o mundo, existe uma pergunta fundamental: quanto voc\u00ea realmente conhece sobre si mesmo?<\/p>\n\n\n\n<p class=\"wp-block-paragraph\"><strong>Instagram:<\/strong> <a href=\"https:\/\/www.instagram.com\/mestresollarys\/\">@mestresollarys<\/a><\/p>\n","protected":false},"excerpt":{"rendered":"<p>Para Mestre Sollarys, olhar para as pr\u00f3prias sombras \u00e9 reconhecer desejos, medos, limites e potencialidades como um dos princ\u00edpios fundamentais da filosofia luciferiana. Muito [&hellip;]<\/p>\n","protected":false},"author":4,"featured_media":6227,"comment_status":"closed","ping_status":"","sticky":false,"template":"","format":"standard","meta":{"footnotes":""},"categories":[3],"tags":[578,577,564,543,571,551,550],"class_list":["post-6226","post","type-post","status-publish","format-standard","has-post-thumbnail","hentry","category-geral","tag-aprendizado","tag-autoconhecimento","tag-conhecimento","tag-espiritualidade","tag-fe","tag-luciferianismo","tag-mestre-sollarys"],"_links":{"self":[{"href":"https:\/\/vitrinedafama.com.br\/index.php\/wp-json\/wp\/v2\/posts\/6226","targetHints":{"allow":["GET"]}}],"collection":[{"href":"https:\/\/vitrinedafama.com.br\/index.php\/wp-json\/wp\/v2\/posts"}],"about":[{"href":"https:\/\/vitrinedafama.com.br\/index.php\/wp-json\/wp\/v2\/types\/post"}],"author":[{"embeddable":true,"href":"https:\/\/vitrinedafama.com.br\/index.php\/wp-json\/wp\/v2\/users\/4"}],"replies":[{"embeddable":true,"href":"https:\/\/vitrinedafama.com.br\/index.php\/wp-json\/wp\/v2\/comments?post=6226"}],"version-history":[{"count":1,"href":"https:\/\/vitrinedafama.com.br\/index.php\/wp-json\/wp\/v2\/posts\/6226\/revisions"}],"predecessor-version":[{"id":6230,"href":"https:\/\/vitrinedafama.com.br\/index.php\/wp-json\/wp\/v2\/posts\/6226\/revisions\/6230"}],"wp:featuredmedia":[{"embeddable":true,"href":"https:\/\/vitrinedafama.com.br\/index.php\/wp-json\/wp\/v2\/media\/6227"}],"wp:attachment":[{"href":"https:\/\/vitrinedafama.com.br\/index.php\/wp-json\/wp\/v2\/media?parent=6226"}],"wp:term":[{"taxonomy":"category","embeddable":true,"href":"https:\/\/vitrinedafama.com.br\/index.php\/wp-json\/wp\/v2\/categories?post=6226"},{"taxonomy":"post_tag","embeddable":true,"href":"https:\/\/vitrinedafama.com.br\/index.php\/wp-json\/wp\/v2\/tags?post=6226"}],"curies":[{"name":"wp","href":"https:\/\/api.w.org\/{rel}","templated":true}]}}