{"id":6212,"date":"2026-08-31T20:49:10","date_gmt":"2026-08-31T23:49:10","guid":{"rendered":"https:\/\/vitrinedafama.com.br\/?p=6212"},"modified":"2026-08-31T21:32:05","modified_gmt":"2026-09-01T00:32:05","slug":"duo-yori-leva-o-show-lenha-na-brasa-ao-particula-cafe-em-sao-paulo","status":"publish","type":"post","link":"https:\/\/vitrinedafama.com.br\/index.php\/2026\/08\/31\/duo-yori-leva-o-show-lenha-na-brasa-ao-particula-cafe-em-sao-paulo\/","title":{"rendered":"Duo YORI leva o show \u201cLenha Na Brasa\u201d ao Part\u00edcula Caf\u00e9, em S\u00e3o Paulo"},"content":{"rendered":"\n<p class=\"wp-block-paragraph\">No dia 10 de setembro, quinta-feira, YORI chega ao Part\u00edcula Caf\u00e9 trazendo ao palco o encontro das vozes de Fah Lyma e Nego Lias. O duo paulistano constr\u00f3i sua sonoridade a partir da MPB, do R&amp;B, do neo soul e do afrobeat contempor\u00e2neo, usando a m\u00fasica como espa\u00e7o para falar de afetos, identidade, quest\u00f5es sociais e das experi\u00eancias que atravessam seus caminhos.<\/p>\n\n\n\n<p class=\"wp-block-paragraph\">Com harmonias vocais como elemento central de sua identidade, YORI desenvolve um trabalho que coloca sensibilidade e pot\u00eancia lado a lado. Em suas composi\u00e7\u00f5es, rela\u00e7\u00f5es, cotidiano, amor, v\u00ednculos e rupturas se conectam a reflex\u00f5es mais amplas sobre liberdade, pertencimento e as formas como constru\u00edmos nossa pr\u00f3pria identidade.<\/p>\n\n\n\n<figure class=\"wp-block-image size-full\"><img loading=\"lazy\" decoding=\"async\" width=\"720\" height=\"1280\" src=\"https:\/\/vitrinedafama.com.br\/wp-content\/uploads\/2026\/08\/Dois-azul.jpeg\" alt=\"\" class=\"wp-image-6214\" srcset=\"https:\/\/vitrinedafama.com.br\/wp-content\/uploads\/2026\/08\/Dois-azul.jpeg 720w, https:\/\/vitrinedafama.com.br\/wp-content\/uploads\/2026\/08\/Dois-azul-169x300.jpeg 169w, https:\/\/vitrinedafama.com.br\/wp-content\/uploads\/2026\/08\/Dois-azul-576x1024.jpeg 576w\" sizes=\"auto, (max-width: 720px) 100vw, 720px\" \/><figcaption class=\"wp-element-caption\">Imagem: Divulga\u00e7\u00e3o \/ Anthony Barcellos &nbsp;<\/figcaption><\/figure>\n\n\n\n<p class=\"wp-block-paragraph\">No Part\u00edcula, o duo apresenta o \u201cLenha Na Brasa\u201d, uma sequencia de shows introdutorios ao universo autoral de YORI, passando pelo primeiro single \u201cAn\u00e1guas\u201d, pelo EP \u201cSuperf\u00edcie Lisa e Muito Polida\u201d e chegando \u00e0 fase mais recente do projeto com \u201cBRASA\u201d, EP lan\u00e7ado em junho de 2026. O novo trabalho amplia a sonoridade de YORI ao aproximar ritmos latinos, m\u00fasica pop, R&amp;B e MPB de uma leitura contempor\u00e2nea da brasilidade. No palco, Fah Lyma e Nego Lias transformam o encontro entre suas vozes em uma experi\u00eancia marcada por harmonias, interpreta\u00e7\u00e3o e presen\u00e7a. Um repert\u00f3rio que revela diferentes momentos do duo e apresenta ao p\u00fablico uma produ\u00e7\u00e3o autoral que transita entre o \u00edntimo e o coletivo.<\/p>\n\n\n\n<p class=\"wp-block-paragraph\">YORI chega ao Part\u00edcula para apresentar uma m\u00fasica brasileira contempor\u00e2nea que encontra no R&amp;B, no soul e na experimenta\u00e7\u00e3o novos caminhos para falar de afeto, identidade e liberdade.<\/p>\n\n\n\n<p class=\"wp-block-paragraph\"><strong>Data<\/strong>: 10 de setembro \u2014 quinta-feira<\/p>\n\n\n\n<p class=\"wp-block-paragraph\">Rua Henrique Bernardelli, 93B &#8211; Santana, S\u00e3o Paulo \u2013 SP<\/p>\n\n\n\n<p class=\"wp-block-paragraph\"><strong>Abertura da casa:<\/strong> 19h<\/p>\n\n\n\n<p class=\"wp-block-paragraph\"><strong>Showtime:<\/strong> 20h<\/p>\n\n\n\n<p class=\"wp-block-paragraph\"><strong>Ingressos:<\/strong> <a href=\"https:\/\/www.sympla.com.br\/evento\/yori-lenha-na-brasa\/3541433\">https:\/\/www.sympla.com.br\/evento\/yori-lenha-na-brasa\/3541433<\/a><\/p>\n\n\n\n<p class=\"wp-block-paragraph\"><strong>Valor promocional:<\/strong> R$ 20,00<\/p>\n\n\n\n<p class=\"wp-block-paragraph\"><strong>Ficha t\u00e9cnica<\/strong><\/p>\n\n\n\n<p class=\"wp-block-paragraph\">Fah Lyma \u2014 Voz<\/p>\n\n\n\n<p class=\"wp-block-paragraph\">Nego Lias \u2014 Voz<\/p>\n\n\n\n<p class=\"wp-block-paragraph\"><strong>SOBRE YORI<\/strong><\/p>\n\n\n\n<p class=\"wp-block-paragraph\">YORI nasceu do encontro entre Fah Lyma, artista do Itaim Paulista, e Nego Lias, do Cap\u00e3o Redondo. A partir de refer\u00eancias musicais compartilhadas, os dois perceberam na uni\u00e3o de suas vozes o ponto de partida para um projeto pr\u00f3prio. Fah canta e comp\u00f5e desde os 13 anos e tamb\u00e9m atua como produtor; Lias come\u00e7ou a cantar e compor ainda na inf\u00e2ncia e construiu parte de sua trajet\u00f3ria art\u00edstica se apresentando nos vag\u00f5es do metr\u00f4 de S\u00e3o Paulo.<\/p>\n\n\n\n<figure class=\"wp-block-image size-full\"><img loading=\"lazy\" decoding=\"async\" width=\"852\" height=\"575\" src=\"https:\/\/vitrinedafama.com.br\/wp-content\/uploads\/2026\/08\/Selva-horizontal.jpeg\" alt=\"\" class=\"wp-image-6215\" srcset=\"https:\/\/vitrinedafama.com.br\/wp-content\/uploads\/2026\/08\/Selva-horizontal.jpeg 852w, https:\/\/vitrinedafama.com.br\/wp-content\/uploads\/2026\/08\/Selva-horizontal-300x202.jpeg 300w, https:\/\/vitrinedafama.com.br\/wp-content\/uploads\/2026\/08\/Selva-horizontal-768x518.jpeg 768w\" sizes=\"auto, (max-width: 852px) 100vw, 852px\" \/><figcaption class=\"wp-element-caption\">Imagem: Divulga\u00e7\u00e3o \/ Lainy Cherry<\/figcaption><\/figure>\n\n\n\n<p class=\"wp-block-paragraph\">Em quatro anos de trajet\u00f3ria, o duo passou por festivais, espa\u00e7os culturais e importantes palcos da m\u00fasica brasileira. YORI venceu o Toca Revela \u2014 O Reality, em 2024, resultado que levou \u00e0 produ\u00e7\u00e3o do EP \u201cBRASA\u201d, assinado pelo produtor Dudu Marote. A dupla tamb\u00e9m se apresentou no CarnaUOL 2025 e j\u00e1 dividiu o palco com nomes como Sandra de S\u00e1, Danilo Caymmi, Ana Ca\u00f1as, Paula Lima, Larissa Luz, Gina Garcia e Dom Paulinho Lima.<\/p>\n","protected":false},"excerpt":{"rendered":"<p>No dia 10 de setembro, quinta-feira, YORI chega ao Part\u00edcula Caf\u00e9 trazendo ao palco o encontro das vozes de Fah Lyma e Nego Lias. [&hellip;]<\/p>\n","protected":false},"author":4,"featured_media":6213,"comment_status":"closed","ping_status":"","sticky":false,"template":"","format":"standard","meta":{"footnotes":""},"categories":[6],"tags":[576,573,485,574,572,575],"class_list":["post-6212","post","type-post","status-publish","format-standard","has-post-thumbnail","hentry","category-musica","tag-arte","tag-brasa","tag-cultura","tag-musica-3","tag-nego-lias-e-fah-lyma","tag-rb"],"_links":{"self":[{"href":"https:\/\/vitrinedafama.com.br\/index.php\/wp-json\/wp\/v2\/posts\/6212","targetHints":{"allow":["GET"]}}],"collection":[{"href":"https:\/\/vitrinedafama.com.br\/index.php\/wp-json\/wp\/v2\/posts"}],"about":[{"href":"https:\/\/vitrinedafama.com.br\/index.php\/wp-json\/wp\/v2\/types\/post"}],"author":[{"embeddable":true,"href":"https:\/\/vitrinedafama.com.br\/index.php\/wp-json\/wp\/v2\/users\/4"}],"replies":[{"embeddable":true,"href":"https:\/\/vitrinedafama.com.br\/index.php\/wp-json\/wp\/v2\/comments?post=6212"}],"version-history":[{"count":3,"href":"https:\/\/vitrinedafama.com.br\/index.php\/wp-json\/wp\/v2\/posts\/6212\/revisions"}],"predecessor-version":[{"id":6218,"href":"https:\/\/vitrinedafama.com.br\/index.php\/wp-json\/wp\/v2\/posts\/6212\/revisions\/6218"}],"wp:featuredmedia":[{"embeddable":true,"href":"https:\/\/vitrinedafama.com.br\/index.php\/wp-json\/wp\/v2\/media\/6213"}],"wp:attachment":[{"href":"https:\/\/vitrinedafama.com.br\/index.php\/wp-json\/wp\/v2\/media?parent=6212"}],"wp:term":[{"taxonomy":"category","embeddable":true,"href":"https:\/\/vitrinedafama.com.br\/index.php\/wp-json\/wp\/v2\/categories?post=6212"},{"taxonomy":"post_tag","embeddable":true,"href":"https:\/\/vitrinedafama.com.br\/index.php\/wp-json\/wp\/v2\/tags?post=6212"}],"curies":[{"name":"wp","href":"https:\/\/api.w.org\/{rel}","templated":true}]}}