{"id":6207,"date":"2026-08-31T16:00:43","date_gmt":"2026-08-31T19:00:43","guid":{"rendered":"https:\/\/vitrinedafama.com.br\/index.php\/2026\/08\/31\/ia-virou-requisito-nao-diferencial-implementa-la-e-mais-simples-do-que-parece\/"},"modified":"2026-08-31T16:00:43","modified_gmt":"2026-08-31T19:00:43","slug":"ia-virou-requisito-nao-diferencial-implementa-la-e-mais-simples-do-que-parece","status":"publish","type":"post","link":"https:\/\/vitrinedafama.com.br\/index.php\/2026\/08\/31\/ia-virou-requisito-nao-diferencial-implementa-la-e-mais-simples-do-que-parece\/","title":{"rendered":"IA virou requisito, n\u00e3o diferencial. Implement\u00e1-la \u00e9 mais simples do que parece"},"content":{"rendered":"<p style=\"font-style:italic;font-size:1.1em;margin-bottom:1em\">Empresas que ainda tratam intelig\u00eancia artificial como &#8220;projeto do futuro&#8221; j\u00e1 est\u00e3o perdendo competitividade agora. Especialistas explicam por que o primeiro passo \u00e9 mais simples, e mais urgente, do que a maioria imagina<\/p>\n<p>At\u00e9 pouco tempo atr\u00e1s, usar intelig\u00eancia artificial no dia a dia da empresa era visto como vantagem competitiva, algo que colocava um neg\u00f3cio &#8220;na frente&#8221; dos concorrentes. Esse cen\u00e1rio mudou r\u00e1pido. Hoje, a pergunta n\u00e3o \u00e9 mais &#8220;se&#8221; uma empresa vai adotar IA, mas &#8220;quando&#8221;, e o ideal \u00e9 agora.<\/p>\n<p>Segundo especialistas do setor, a virada de chave aconteceu porque a IA deixou de ser exclusividade de grandes corpora\u00e7\u00f5es com times de dados robustos. Ferramentas acess\u00edveis passaram a fazer parte da rotina de equipes inteiras, muitas vezes sem que a lideran\u00e7a tenha decidido formalmente adot\u00e1-las. O funcion\u00e1rio que usa uma IA gratuita para escrever um relat\u00f3rio, resumir um contrato ou organizar uma planilha j\u00e1 est\u00e1, na pr\u00e1tica, colocando a empresa dentro dessa nova realidade, com ou sem plano.<\/p>\n<p>O problema \u00e9 que boa parte das empresas brasileiras, principalmente as de porte m\u00e9dio, ainda trata IA como um assunto distante, complexo ou caro. \u00c9 aqui que est\u00e1 o maior equ\u00edvoco. Implementar IA de forma estruturada n\u00e3o exige um departamento de dados, meses de projeto ou investimento pesado. Exige, principalmente, organiza\u00e7\u00e3o: entender onde a IA j\u00e1 est\u00e1 sendo usada informalmente dentro da empresa, definir o que cada time pode ou n\u00e3o acessar, e medir o resultado que isso gera em <a rel=\"nofollow\" target=\"_blank\" href=\"https:\/\/quintus.tec.br\/\">produtividade mensur\u00e1vel<\/a>.<\/p>\n<p>Esse \u00e9, inclusive, um ponto de aten\u00e7\u00e3o crescente entre lideran\u00e7as de TI e inova\u00e7\u00e3o: adotar IA sem nenhuma estrutura cria riscos de seguran\u00e7a, de vazamento de informa\u00e7\u00e3o e de perda de conhecimento quando um funcion\u00e1rio troca de empresa levando &#8220;na cabe\u00e7a&#8221; tudo o que construiu com ferramentas externas. Por outro lado, adotar IA de forma planejada, com<a rel=\"nofollow\" target=\"_blank\" href=\"https:\/\/quintus.tec.br\/plataforma\"> controle de acesso e governan\u00e7a corporativa<\/a>, transforma um risco em vantagem mensur\u00e1vel.<\/p>\n<p>\u00c9 justamente nessa lacuna, entre o entusiasmo com IA e a maturidade real das empresas para us\u00e1-la com seguran\u00e7a, que surgem solu\u00e7\u00f5es brasileiras como a <a rel=\"nofollow\" target=\"_blank\" href=\"https:\/\/quintus.tec.br\/\">Quintus<\/a>, plataforma que nasceu para ajudar empresas de porte m\u00e9dio a extrair o m\u00e1ximo da intelig\u00eancia artificial com governan\u00e7a, controle de dados e produtividade mensur\u00e1vel desde o primeiro dia de uso. O recado para quem ainda est\u00e1 na d\u00favida \u00e9 direto: esperar n\u00e3o \u00e9 mais uma op\u00e7\u00e3o segura. A boa not\u00edcia \u00e9 que dar o primeiro passo, hoje, \u00e9 mais simples e mais acess\u00edvel do que a maioria das empresas imagina.<\/p>\n<p><img loading=\"lazy\" decoding=\"async\" src=\"https:\/\/us-central1-pulsebrand-plataforma.cloudfunctions.net\/trackPixel?c=34ab6c1a-e861-47db-a949-65d6d19142b9&amp;v=1513cf5b-b24f-4d8f-98f2-8bad596e2648&amp;p=881a33ed-2087-45c5-80f1-767341edd15c\" width=\"1\" height=\"1\" alt=\"\" style=\"display:none\" \/><\/p>\n","protected":false},"excerpt":{"rendered":"<p>Empresas que ainda tratam intelig\u00eancia artificial como &#8220;projeto do futuro&#8221; j\u00e1 est\u00e3o perdendo competitividade agora. Especialistas explicam por que o primeiro passo \u00e9 mais simples, e mais urgente, do que a maioria imagina<\/p>\n","protected":false},"author":3647118390,"featured_media":6206,"comment_status":"","ping_status":"","sticky":false,"template":"","format":"standard","meta":{"footnotes":""},"categories":[3],"tags":[],"class_list":["post-6207","post","type-post","status-publish","format-standard","has-post-thumbnail","hentry","category-geral"],"_links":{"self":[{"href":"https:\/\/vitrinedafama.com.br\/index.php\/wp-json\/wp\/v2\/posts\/6207","targetHints":{"allow":["GET"]}}],"collection":[{"href":"https:\/\/vitrinedafama.com.br\/index.php\/wp-json\/wp\/v2\/posts"}],"about":[{"href":"https:\/\/vitrinedafama.com.br\/index.php\/wp-json\/wp\/v2\/types\/post"}],"author":[{"embeddable":true,"href":"https:\/\/vitrinedafama.com.br\/index.php\/wp-json\/wp\/v2\/users\/3647118390"}],"replies":[{"embeddable":true,"href":"https:\/\/vitrinedafama.com.br\/index.php\/wp-json\/wp\/v2\/comments?post=6207"}],"version-history":[{"count":0,"href":"https:\/\/vitrinedafama.com.br\/index.php\/wp-json\/wp\/v2\/posts\/6207\/revisions"}],"wp:featuredmedia":[{"embeddable":true,"href":"https:\/\/vitrinedafama.com.br\/index.php\/wp-json\/wp\/v2\/media\/6206"}],"wp:attachment":[{"href":"https:\/\/vitrinedafama.com.br\/index.php\/wp-json\/wp\/v2\/media?parent=6207"}],"wp:term":[{"taxonomy":"category","embeddable":true,"href":"https:\/\/vitrinedafama.com.br\/index.php\/wp-json\/wp\/v2\/categories?post=6207"},{"taxonomy":"post_tag","embeddable":true,"href":"https:\/\/vitrinedafama.com.br\/index.php\/wp-json\/wp\/v2\/tags?post=6207"}],"curies":[{"name":"wp","href":"https:\/\/api.w.org\/{rel}","templated":true}]}}