{"id":6203,"date":"2026-08-31T14:52:23","date_gmt":"2026-08-31T17:52:23","guid":{"rendered":"https:\/\/vitrinedafama.com.br\/index.php\/2026\/08\/31\/elle-internacional-estreia-no-mercado-com-incorporadora-meira-mattos\/"},"modified":"2026-08-31T14:52:23","modified_gmt":"2026-08-31T17:52:23","slug":"elle-internacional-estreia-no-mercado-com-incorporadora-meira-mattos","status":"publish","type":"post","link":"https:\/\/vitrinedafama.com.br\/index.php\/2026\/08\/31\/elle-internacional-estreia-no-mercado-com-incorporadora-meira-mattos\/","title":{"rendered":"ELLE Internacional estreia no mercado com incorporadora Meira Mattos"},"content":{"rendered":"<p style=\"font-style:italic;font-size:1.1em;margin-bottom:1em\">Em parceria com a Meira Mattos, marca apresenta Casa ELLE e ELLE Collection S\u00e3o Paulo em evento na Pinacoteca<\/p>\n<p>A ELLE International se prepara para entrar no mercado residencial da Am\u00e9rica Latina. Em parceria com a Meira Mattos Incorporadora, a marca apresenta nesta ter\u00e7a-feira (1\u00ba), na Pinacoteca de S\u00e3o Paulo, seus primeiros empreendimentos residenciais na regi\u00e3o.<\/p>\n<p>Com mais de 80 anos de hist\u00f3ria, a ELLE Internacional \u00e9 reconhecida internacionalmente por sua atua\u00e7\u00e3o nos universos da moda, do design, da cultura e do comportamento. A parceria com a Meira Mattos leva esse universo para o mercado imobili\u00e1rio brasileiro.<\/p>\n<p>Para marcar o lan\u00e7amento, a incorporadora recebe 120 convidados em uma noite exclusiva na Pinacoteca. O encontro reunir\u00e1 imprensa, formadores de opini\u00e3o, parceiros e convidados. A programa\u00e7\u00e3o inclui um jantar criado especialmente para a ocasi\u00e3o e inspirado em refer\u00eancias brasileiras.<\/p>\n<p>\u00c0 frente da Meira Mattos est\u00e3o Bruno Meira Mattos, fundador e CEO, com mais de 20 anos de experi\u00eancia no mercado imobili\u00e1rio, e Luiza Meira Mattos, s\u00f3cia e diretora criativa, respons\u00e1vel pela concep\u00e7\u00e3o e pelo desenvolvimento criativo dos projetos.<\/p>\n<p>Durante o evento, ser\u00e3o apresentados oficialmente o Casa ELLE e o ELLE Collection S\u00e3o Paulo. Os dois empreendimentos marcam a estreia da ELLE Internacional no segmento residencial na Am\u00e9rica Latina.<\/p>\n<p>A parceria re\u00fane a experi\u00eancia da Meira Mattos no mercado imobili\u00e1rio e a identidade da ELLE Internacional, que passa a levar seu repert\u00f3rio de moda, design e cultura tamb\u00e9m para os espa\u00e7os residenciais.<\/p>\n<p><img loading=\"lazy\" decoding=\"async\" src=\"https:\/\/us-central1-pulsebrand-plataforma.cloudfunctions.net\/trackPixel?c=d639bb60-f41e-42c0-99e3-5aa81526b02a&amp;v=56a8c2b9-fb0e-4369-92b9-7c8c6600d3a7&amp;p=881a33ed-2087-45c5-80f1-767341edd15c\" width=\"1\" height=\"1\" alt=\"\" style=\"display:none\" \/><\/p>\n","protected":false},"excerpt":{"rendered":"<p>Em parceria com a Meira Mattos, marca apresenta Casa ELLE e ELLE Collection S\u00e3o Paulo em evento na Pinacoteca<\/p>\n","protected":false},"author":3647118390,"featured_media":6202,"comment_status":"","ping_status":"","sticky":false,"template":"","format":"standard","meta":{"footnotes":""},"categories":[3],"tags":[],"class_list":["post-6203","post","type-post","status-publish","format-standard","has-post-thumbnail","hentry","category-geral"],"_links":{"self":[{"href":"https:\/\/vitrinedafama.com.br\/index.php\/wp-json\/wp\/v2\/posts\/6203","targetHints":{"allow":["GET"]}}],"collection":[{"href":"https:\/\/vitrinedafama.com.br\/index.php\/wp-json\/wp\/v2\/posts"}],"about":[{"href":"https:\/\/vitrinedafama.com.br\/index.php\/wp-json\/wp\/v2\/types\/post"}],"author":[{"embeddable":true,"href":"https:\/\/vitrinedafama.com.br\/index.php\/wp-json\/wp\/v2\/users\/3647118390"}],"replies":[{"embeddable":true,"href":"https:\/\/vitrinedafama.com.br\/index.php\/wp-json\/wp\/v2\/comments?post=6203"}],"version-history":[{"count":0,"href":"https:\/\/vitrinedafama.com.br\/index.php\/wp-json\/wp\/v2\/posts\/6203\/revisions"}],"wp:featuredmedia":[{"embeddable":true,"href":"https:\/\/vitrinedafama.com.br\/index.php\/wp-json\/wp\/v2\/media\/6202"}],"wp:attachment":[{"href":"https:\/\/vitrinedafama.com.br\/index.php\/wp-json\/wp\/v2\/media?parent=6203"}],"wp:term":[{"taxonomy":"category","embeddable":true,"href":"https:\/\/vitrinedafama.com.br\/index.php\/wp-json\/wp\/v2\/categories?post=6203"},{"taxonomy":"post_tag","embeddable":true,"href":"https:\/\/vitrinedafama.com.br\/index.php\/wp-json\/wp\/v2\/tags?post=6203"}],"curies":[{"name":"wp","href":"https:\/\/api.w.org\/{rel}","templated":true}]}}