{"id":6195,"date":"2026-08-31T08:38:42","date_gmt":"2026-08-31T11:38:42","guid":{"rendered":"https:\/\/vitrinedafama.com.br\/index.php\/2026\/08\/31\/rafael-stone-amplia-atuacao-empresarial-com-a-stone-up\/"},"modified":"2026-08-31T08:38:42","modified_gmt":"2026-08-31T11:38:42","slug":"rafael-stone-amplia-atuacao-empresarial-com-a-stone-up","status":"publish","type":"post","link":"https:\/\/vitrinedafama.com.br\/index.php\/2026\/08\/31\/rafael-stone-amplia-atuacao-empresarial-com-a-stone-up\/","title":{"rendered":"Rafael Stone amplia atua\u00e7\u00e3o empresarial com a Stone Up"},"content":{"rendered":"<p style=\"font-style:italic;font-size:1.1em;margin-bottom:1em\">Empreendedor amazonense construiu trajet\u00f3ria \u00e0 frente de empresas de tecnologia e servi\u00e7os financeiros e agora expande seu ecossistema de neg\u00f3cios com uma plataforma voltada a pessoas, empresas e empreendedores<\/p>\n<p>Empreendedor, fundador e investidor em diferentes segmentos, Rafael Stone vem construindo uma trajet\u00f3ria marcada pela cria\u00e7\u00e3o e expans\u00e3o de neg\u00f3cios baseados em tecnologia, inova\u00e7\u00e3o e solu\u00e7\u00f5es financeiras. Natural do Amazonas, o empres\u00e1rio est\u00e1 \u00e0 frente de empresas que atuam em diferentes mercados e tem como caracter\u00edstica a busca por oportunidades capazes de transformar necessidades reais em novos neg\u00f3cios.<\/p>\n<p>Um dos principais movimentos dessa trajet\u00f3ria \u00e9 a Stone Up, plataforma de solu\u00e7\u00f5es financeiras criada para reunir, em um \u00fanico ambiente digital, servi\u00e7os para pessoas f\u00edsicas, empresas e empreendedores.<\/p>\n<p>A plataforma oferece contas digitais, Pix, emiss\u00e3o e pagamento de boletos, cobran\u00e7as por QR Code, cart\u00f5es f\u00edsicos e virtuais e Web Banking com gest\u00e3o multiusu\u00e1rio. Tamb\u00e9m disponibiliza modalidades de cr\u00e9dito, como antecipa\u00e7\u00e3o de receb\u00edveis, capital de giro, antecipa\u00e7\u00e3o salarial, consignado privado e cr\u00e9dito pessoal.<\/p>\n<p>A Stone Up integra o ecossistema empresarial constru\u00eddo por Rafael desde 2013, quando fundou a Stone Ativos, empresa voltada \u00e0 recupera\u00e7\u00e3o de ativos e que utiliza tecnologia e intelig\u00eancia de dados para tornar os processos mais eficientes.<\/p>\n<p>Em 2023, o empres\u00e1rio ampliou novamente sua atua\u00e7\u00e3o com a cria\u00e7\u00e3o da Sirius Innovations, startup dedicada ao desenvolvimento de VANTs (Ve\u00edculos A\u00e9reos N\u00e3o Tripulados), com aplica\u00e7\u00f5es em log\u00edstica, seguran\u00e7a e monitoramento.<\/p>\n<p>Apesar de atuarem em segmentos distintos, os neg\u00f3cios t\u00eam em comum a estrat\u00e9gia de Rafael de identificar demandas do mercado e desenvolver solu\u00e7\u00f5es apoiadas em tecnologia.<\/p>\n<p>&#8220;Acredito que empreender \u00e9 identificar uma necessidade e transformar essa oportunidade em uma solu\u00e7\u00e3o que gere valor para as pessoas e para o mercado&#8221;, afirma.<\/p>\n<p><strong>Expans\u00e3o<\/strong><\/p>\n<p>Com a Stone Up, Rafael amplia sua presen\u00e7a no setor financeiro e aposta na integra\u00e7\u00e3o de servi\u00e7os para facilitar a rotina de pessoas e empresas.<\/p>\n<p>A estrat\u00e9gia empresarial tamb\u00e9m prev\u00ea o fortalecimento das opera\u00e7\u00f5es, novos investimentos em tecnologia e a expans\u00e3o da Stone Ativos para o mercado norte-americano.<\/p>\n<p>Para o empreendedor, a Amaz\u00f4nia tamb\u00e9m pode ser um ambiente de desenvolvimento de neg\u00f3cios inovadores e tecnologias capazes de alcan\u00e7ar outros mercados.<\/p>\n<p>&#8220;\u00c9 poss\u00edvel construir neg\u00f3cios competitivos a partir da Amaz\u00f4nia e levar essas solu\u00e7\u00f5es para o Brasil e para o mundo&#8221;, destaca.<\/p>\n<p>Mais informa\u00e7\u00f5es sobre a Stone Up, sua atua\u00e7\u00e3o e as solu\u00e7\u00f5es oferecidas pela empresa podem ser consultadas no site oficial <a rel=\"nofollow\" target=\"_blank\" href=\"http:\/\/www.stoneup.com.br\">www.stoneup.com.br<\/a>.<\/p>\n<p><img loading=\"lazy\" decoding=\"async\" src=\"https:\/\/us-central1-pulsebrand-plataforma.cloudfunctions.net\/trackPixel?c=29f80f96-bbe9-48f8-bb49-0cb18c2026c4&amp;v=f0891462-40a7-47c7-88e6-6d8c2fad7ca6&amp;p=881a33ed-2087-45c5-80f1-767341edd15c\" width=\"1\" height=\"1\" alt=\"\" style=\"display:none\" \/><\/p>\n","protected":false},"excerpt":{"rendered":"<p>Empreendedor amazonense construiu trajet\u00f3ria \u00e0 frente de empresas de tecnologia e servi\u00e7os financeiros e agora expande seu ecossistema de neg\u00f3cios com uma plataforma voltada a pessoas, empresas e empreendedores<\/p>\n","protected":false},"author":3647118390,"featured_media":6194,"comment_status":"","ping_status":"","sticky":false,"template":"","format":"standard","meta":{"footnotes":""},"categories":[3],"tags":[],"class_list":["post-6195","post","type-post","status-publish","format-standard","has-post-thumbnail","hentry","category-geral"],"_links":{"self":[{"href":"https:\/\/vitrinedafama.com.br\/index.php\/wp-json\/wp\/v2\/posts\/6195","targetHints":{"allow":["GET"]}}],"collection":[{"href":"https:\/\/vitrinedafama.com.br\/index.php\/wp-json\/wp\/v2\/posts"}],"about":[{"href":"https:\/\/vitrinedafama.com.br\/index.php\/wp-json\/wp\/v2\/types\/post"}],"author":[{"embeddable":true,"href":"https:\/\/vitrinedafama.com.br\/index.php\/wp-json\/wp\/v2\/users\/3647118390"}],"replies":[{"embeddable":true,"href":"https:\/\/vitrinedafama.com.br\/index.php\/wp-json\/wp\/v2\/comments?post=6195"}],"version-history":[{"count":0,"href":"https:\/\/vitrinedafama.com.br\/index.php\/wp-json\/wp\/v2\/posts\/6195\/revisions"}],"wp:featuredmedia":[{"embeddable":true,"href":"https:\/\/vitrinedafama.com.br\/index.php\/wp-json\/wp\/v2\/media\/6194"}],"wp:attachment":[{"href":"https:\/\/vitrinedafama.com.br\/index.php\/wp-json\/wp\/v2\/media?parent=6195"}],"wp:term":[{"taxonomy":"category","embeddable":true,"href":"https:\/\/vitrinedafama.com.br\/index.php\/wp-json\/wp\/v2\/categories?post=6195"},{"taxonomy":"post_tag","embeddable":true,"href":"https:\/\/vitrinedafama.com.br\/index.php\/wp-json\/wp\/v2\/tags?post=6195"}],"curies":[{"name":"wp","href":"https:\/\/api.w.org\/{rel}","templated":true}]}}