{"id":4874,"date":"2026-04-24T10:02:02","date_gmt":"2026-04-24T13:02:02","guid":{"rendered":"https:\/\/vitrinedafama.com.br\/?p=4874"},"modified":"2026-04-24T10:02:05","modified_gmt":"2026-04-24T13:02:05","slug":"sao-paulo-recebe-a-primeira-corrida-muralha-com-festa-cultural-sino-brasileira","status":"publish","type":"post","link":"https:\/\/vitrinedafama.com.br\/index.php\/2026\/04\/24\/sao-paulo-recebe-a-primeira-corrida-muralha-com-festa-cultural-sino-brasileira\/","title":{"rendered":"S\u00e3o Paulo recebe a primeira Corrida Muralha com festa cultural sino-brasileira"},"content":{"rendered":"\n<p>A&nbsp;capital paulista recebe a primeira edi\u00e7\u00e3o da&nbsp;Corrida Muralha de S\u00e3o Paulo, que transforma o&nbsp;<em>Dia do Mandarim&nbsp;<\/em>em uma grande vitrine do Ano Cultural China\u2013Brasil. Ser\u00e1 no dia 26 de abril, no Centro Esportivo Tiet\u00ea, das 7h \u00e0s 16h. Mais do que uma prova esportiva, o evento aposta alto na experi\u00eancia do p\u00fablico e coloca no centro da programa\u00e7\u00e3o uma vibrante feira gastron\u00f4mica chinesa, que desponta como o principal atrativo da celebra\u00e7\u00e3o.&nbsp;<\/p>\n\n\n\n<p>A iniciativa celebra a conex\u00e3o entre Brasil e China em um momento simb\u00f3lico de interc\u00e2mbio cultural, social e econ\u00f4mico. A programa\u00e7\u00e3o convida atletas, fam\u00edlias e o p\u00fablico em geral para vivenciar uma experi\u00eancia completa de integra\u00e7\u00e3o entre os dois pa\u00edses, al\u00e9m de fortalecer la\u00e7os institucionais, culturais e comunit\u00e1rios. Aberta a participantes a partir de 16 anos, a corrida inclui categorias para pessoas com defici\u00eancia (PCD) e p\u00fablico 59+, refor\u00e7ando o compromisso com inclus\u00e3o e diversidade, com percursos de 5 km e 7 km.&nbsp;Todos os participantes que conclu\u00edrem a prova receber\u00e3o medalha, e os tr\u00eas primeiros colocados nas categorias masculino e feminino, al\u00e9m da categoria PCD, ser\u00e3o premiados. Tamb\u00e9m durante o evento, ser\u00e3o realizados sorteios de mais de 700 brindes para o p\u00fablico, como celulares, acess\u00f3rios esportivos, rel\u00f3gios, entre muitos outros.&nbsp;&nbsp;<\/p>\n\n\n\n<p>A grande feira gastron\u00f4mica chinesa acontece das 9h \u00e0s 16h, no Espa\u00e7o Viv\u00eancia dos Atletas, e assume papel central na programa\u00e7\u00e3o ao traduzir, por meio de uma rica diversidade de pratos t\u00edpicos, a ess\u00eancia do interc\u00e2mbio cultural entre Brasil e China. Durante a feira, o p\u00fablico tamb\u00e9m poder\u00e1 acompanhar diversas atra\u00e7\u00f5es culturais chinesas, que refor\u00e7am a imers\u00e3o e transformam o espa\u00e7o em um ambiente din\u00e2mico de celebra\u00e7\u00e3o e descoberta.<\/p>\n\n\n\n<p>Inserida nas comemora\u00e7\u00f5es do Ano Cultural China\u2013Brasil e no Dia do Mandarim, a Corrida Muralha de S\u00e3o Paulo se firma como uma celebra\u00e7\u00e3o ampla e sensorial, onde o esporte conecta, a cultura aproxima e a gastronomia encanta.&nbsp;O evento \u00e9 organizado pelo vereador Kenji Ito, em parceria com Associa\u00e7\u00e3o Geral dos Empres\u00e1rios Chineses do Brasil, Associa\u00e7\u00e3o Mundial dos Juventudes Fujianeses do Brasil, Juventude Chinesa do Brasil e o Instituto Beneficente Qingtian do Brasil, com a orienta\u00e7\u00e3o do Consulado Geral da China em S\u00e3o Paulo e apoio da Associa\u00e7\u00e3o Chinesa do Brasil, refor\u00e7ando seu car\u00e1ter institucional e diplom\u00e1tico.&nbsp;<\/p>\n\n\n\n<p><strong>SERVI\u00c7O: Corrida Muralha de S\u00e3o Paulo<\/strong><\/p>\n\n\n\n<p>Local: Centro Esportivo Tiet\u00ea &#8211; Rua Santos Dumont, 843 &#8211; Luz &#8211; S\u00e3o Paulo &#8211; SP<\/p>\n\n\n\n<p>Programa\u00e7\u00e3o completa:<br>06h \u2013 Recep\u00e7\u00e3o dos participantes&nbsp;<br>06h30 \u2013 Alongamento&nbsp;<br>07h \u2013 Largada (5 km e 7 km)&nbsp;<br>09h \u2013 Premia\u00e7\u00e3o&nbsp;<br>09h \u2013 15h \u2013 Espa\u00e7o Viv\u00eancia dos Atletas + atra\u00e7\u00f5es culturais + feira gastron\u00f4mica chinesa&nbsp;<br>16h \u2013 Encerramento&nbsp;<\/p>\n\n\n\n<p><strong>ENTRADA GRATUITA<\/strong><\/p>\n","protected":false},"excerpt":{"rendered":"<p>A&nbsp;capital paulista recebe a primeira edi\u00e7\u00e3o da&nbsp;Corrida Muralha de S\u00e3o Paulo, que transforma o&nbsp;Dia do Mandarim&nbsp;em uma grande vitrine do Ano Cultural China\u2013Brasil. Ser\u00e1 no dia 26 de abril, no Centro Esportivo Tiet\u00ea, das 7h \u00e0s 16h. Mais do que uma prova esportiva, o evento aposta alto na experi\u00eancia do p\u00fablico e coloca no centro [&hellip;]<\/p>\n","protected":false},"author":3,"featured_media":4875,"comment_status":"open","ping_status":"open","sticky":false,"template":"","format":"standard","meta":{"footnotes":""},"categories":[5],"tags":[],"class_list":["post-4874","post","type-post","status-publish","format-standard","has-post-thumbnail","hentry","category-evento"],"_links":{"self":[{"href":"https:\/\/vitrinedafama.com.br\/index.php\/wp-json\/wp\/v2\/posts\/4874","targetHints":{"allow":["GET"]}}],"collection":[{"href":"https:\/\/vitrinedafama.com.br\/index.php\/wp-json\/wp\/v2\/posts"}],"about":[{"href":"https:\/\/vitrinedafama.com.br\/index.php\/wp-json\/wp\/v2\/types\/post"}],"author":[{"embeddable":true,"href":"https:\/\/vitrinedafama.com.br\/index.php\/wp-json\/wp\/v2\/users\/3"}],"replies":[{"embeddable":true,"href":"https:\/\/vitrinedafama.com.br\/index.php\/wp-json\/wp\/v2\/comments?post=4874"}],"version-history":[{"count":1,"href":"https:\/\/vitrinedafama.com.br\/index.php\/wp-json\/wp\/v2\/posts\/4874\/revisions"}],"predecessor-version":[{"id":4876,"href":"https:\/\/vitrinedafama.com.br\/index.php\/wp-json\/wp\/v2\/posts\/4874\/revisions\/4876"}],"wp:featuredmedia":[{"embeddable":true,"href":"https:\/\/vitrinedafama.com.br\/index.php\/wp-json\/wp\/v2\/media\/4875"}],"wp:attachment":[{"href":"https:\/\/vitrinedafama.com.br\/index.php\/wp-json\/wp\/v2\/media?parent=4874"}],"wp:term":[{"taxonomy":"category","embeddable":true,"href":"https:\/\/vitrinedafama.com.br\/index.php\/wp-json\/wp\/v2\/categories?post=4874"},{"taxonomy":"post_tag","embeddable":true,"href":"https:\/\/vitrinedafama.com.br\/index.php\/wp-json\/wp\/v2\/tags?post=4874"}],"curies":[{"name":"wp","href":"https:\/\/api.w.org\/{rel}","templated":true}]}}