{"id":4871,"date":"2026-04-22T11:56:37","date_gmt":"2026-04-22T14:56:37","guid":{"rendered":"https:\/\/vitrinedafama.com.br\/index.php\/2026\/04\/22\/nanotecnologia-no-agro-organico-como-a-afb-agro-esta-revolucionando-a-producao-de-cafe-na-regiao-norte\/"},"modified":"2026-04-22T11:56:37","modified_gmt":"2026-04-22T14:56:37","slug":"nanotecnologia-no-agro-organico-como-a-afb-agro-esta-revolucionando-a-producao-de-cafe-na-regiao-norte","status":"publish","type":"post","link":"https:\/\/vitrinedafama.com.br\/index.php\/2026\/04\/22\/nanotecnologia-no-agro-organico-como-a-afb-agro-esta-revolucionando-a-producao-de-cafe-na-regiao-norte\/","title":{"rendered":"Nanotecnologia no agro org\u00e2nico: como a AFB AGRO est\u00e1 revolucionando a produ\u00e7\u00e3o de caf\u00e9 na regi\u00e3o Norte"},"content":{"rendered":"<p class=\"ql-align-justify\"><span style=\"background-color: transparent\">Quando se fala em inova\u00e7\u00e3o no agroneg\u00f3cio brasileiro, a imagem mais comum \u00e9 a de m\u00e1quinas aut\u00f4nomas em lavouras de soja no Centro-Oeste ou drones mapeando planta\u00e7\u00f5es de cana. Poucas pessoas associam nanotecnologia ao campo, e quase ningu\u00e9m \u00e0 produ\u00e7\u00e3o de caf\u00e9 na Amaz\u00f4nia. Mas \u00e9 exatamente nesse cruzamento improv\u00e1vel que uma das fronteiras mais promissoras da agricultura brasileira est\u00e1 sendo constru\u00edda.<\/span><\/p>\n<p class=\"ql-align-justify\"><\/p>\n<p class=\"ql-align-justify\"><span style=\"background-color: transparent\">A nanotecnologia aplicada ao agro envolve o uso de materiais e compostos em escala nanom\u00e9trica, bilion\u00e9simos de metro, para melhorar a efici\u00eancia de insumos agr\u00edcolas. Fertilizantes de libera\u00e7\u00e3o controlada, biodefensivos com nanopart\u00edculas que aumentam a absor\u00e7\u00e3o pelas plantas e sensores de solo de alta precis\u00e3o s\u00e3o algumas das aplica\u00e7\u00f5es que j\u00e1 sa\u00edram do est\u00e1gio experimental e come\u00e7am a ser adotadas comercialmente no Brasil, segundo pesquisas da Embrapa Instrumenta\u00e7\u00e3o e do Centro Nacional de Pesquisa em Energia e Materiais (CNPEM).<\/span><\/p>\n<p class=\"ql-align-justify\"><\/p>\n<p class=\"ql-align-justify\"><span style=\"background-color: transparent\">No setor cafeeiro, essas tecnologias t\u00eam potencial transformador. O caf\u00e9 \u00e9 uma cultura sens\u00edvel a varia\u00e7\u00f5es de solo, clima e manejo, fatores que se tornam ainda mais cr\u00edticos em regi\u00f5es n\u00e3o tradicionais de cultivo, como a Amaz\u00f4nia. \u00c9 nesse cen\u00e1rio que a nanotecnologia encontra sua aplica\u00e7\u00e3o mais relevante: permitir que o cultivo em novas fronteiras alcance padr\u00f5es de qualidade e produtividade competitivos com regi\u00f5es consolidadas.<\/span><\/p>\n<p class=\"ql-align-justify\"><\/p>\n<p class=\"ql-align-justify\"><a rel=\"nofollow noopener\" href=\"https:\/\/www.afbragro.com.br\/\" target=\"_blank\" style=\"background-color: transparent\">A AFB Agro<\/a><span style=\"background-color: transparent\"> \u00e9 uma das opera\u00e7\u00f5es que t\u00eam explorado esse territ\u00f3rio. Segundo, Celso Lucas Martins &#8211; Eng. Agr\u00f4nomo e Gerente de Opera\u00e7\u00f5es da <\/span><a rel=\"nofollow noopener\" href=\"https:\/\/www.afbragro.com.br\/\" target=\"_blank\" style=\"background-color: transparent\">AFB Agro<\/a><span style=\"background-color: transparent\">: &#8220;A nanotecnologia nos permite otimizar cada etapa do cultivo org\u00e2nico, desde a nutri\u00e7\u00e3o do solo at\u00e9 a prote\u00e7\u00e3o contra pragas, com uma fra\u00e7\u00e3o dos insumos convencionais. Al\u00e9m disso, atuamos com tecnologia pr\u00f3pria chamada EPT (Energia Potencial da Terra). Para uma opera\u00e7\u00e3o na Amaz\u00f4nia, onde o equil\u00edbrio ambiental \u00e9 premissa, isso faz toda a diferen\u00e7a.&#8221;<\/span><\/p>\n<p class=\"ql-align-justify\"><\/p>\n<p class=\"ql-align-justify\"><span>Do ponto de vista econ\u00f4mico, a nanotecnologia tende a reduzir custos de produ\u00e7\u00e3o no m\u00e9dio prazo. Nanofertilizantes, por exemplo, liberam nutrientes de forma gradual e direcionada, diminuindo desperd\u00edcio e necessidade de reaplica\u00e7\u00e3o<\/span><\/p>\n<p class=\"ql-align-justify\"><\/p>\n<p class=\"ql-align-justify\"><span style=\"background-color: transparent\">A AFB utiliza nanofertilizantes org\u00e2nicos, f\u00f3sforo natural ativado e nanoadjuvantes agr\u00edcolas. Os resultados quantitativos obtidos incluem: redu\u00e7\u00e3o de at\u00e9 70% no uso de inseticidas qu\u00edmicos, economia de at\u00e9 40% em fertilizantes convencionais, redu\u00e7\u00e3o de 20% a 30% em adjuvantes sint\u00e9ticos e, o melhor de tudo, redu\u00e7\u00e3o de at\u00e9 20% nos custos totais de produ\u00e7\u00e3o, com aumento de 15% a 25% na produtividade, especialmente do caf\u00e9 e do cacau.<\/span><\/p>\n<p class=\"ql-align-justify\"><\/p>\n<p class=\"ql-align-justify\"><span style=\"background-color: transparent\">A rastreabilidade \u00e9 outro campo onde a nanotecnologia avan\u00e7a no caf\u00e9. Nanopart\u00edculas podem ser incorporadas ao produto em diferentes est\u00e1gios da cadeia, funcionando como &#8220;impress\u00e3o digital&#8221; que permite rastrear a origem do gr\u00e3o desde o campo at\u00e9 a x\u00edcara. Para mercados premium e de exporta\u00e7\u00e3o, onde a certifica\u00e7\u00e3o de origem \u00e9 fator de precifica\u00e7\u00e3o, essa tecnologia representa vantagem competitiva concreta.<\/span><\/p>\n<p class=\"ql-align-justify\"><\/p>\n<p class=\"ql-align-justify\"><span style=\"background-color: transparent\">&#8220;O consumidor internacional quer saber de onde vem o caf\u00e9, como foi produzido e qual o impacto socioambiental. A tecnologia nos ajuda a responder essas perguntas com dados, n\u00e3o com promessas.&#8221; Afirma Celso Lucas Martins &#8211; Eng. Agr\u00f4nomo e Gerente de Opera\u00e7\u00f5es da<\/span><a rel=\"nofollow noopener\" href=\"https:\/\/www.afbragro.com.br\/\" target=\"_blank\" style=\"background-color: transparent\"> AFB Agro<\/a><\/p>\n<p class=\"ql-align-justify\"><\/p>\n<p class=\"ql-align-justify\"><span style=\"background-color: transparent\">O Brasil investe aproximadamente 1,2% do PIB em pesquisa e desenvolvimento, segundo dados do Minist\u00e9rio da Ci\u00eancia e Tecnologia. No agro, a transfer\u00eancia de tecnologia de ponta para o campo ainda enfrenta gargalos, desde a falta de escala de produ\u00e7\u00e3o de nanomateriais at\u00e9 a aus\u00eancia de regulamenta\u00e7\u00e3o espec\u00edfica. Mas o ritmo de ado\u00e7\u00e3o tem acelerado, impulsionado por startups de agtechs e pela demanda de mercados internacionais por produtos mais eficientes e sustent\u00e1veis.<\/span><\/p>\n<p class=\"ql-align-justify\"><\/p>\n<p class=\"ql-align-justify\"><span style=\"background-color: transparent\"><span class=\"ql-cursor\">\ufeff<\/span>Para a cafeicultura amaz\u00f4nica, a nanotecnologia pode ser o diferencial que viabiliza a competi\u00e7\u00e3o em escala global. N\u00e3o se trata apenas de produzir mais, mas de produzir melhor, com menos insumo, mais precis\u00e3o e rastreabilidade total. \u00c9 ci\u00eancia aplicada ao campo, com resultados que est\u00e3o come\u00e7ando a desafiar o que se achava poss\u00edvel na agricultura brasileira.<\/span><\/p>\n<p><\/p>\n<p><\/p>\n<p><img loading=\"lazy\" decoding=\"async\" src=\"https:\/\/us-central1-pulsebrand-plataforma.cloudfunctions.net\/trackPixel?c=5ca58e20-7329-4e17-a363-1d4ea8fb8708&amp;v=aa372fc4-0893-49c2-8c51-ef04158ab190&amp;p=881a33ed-2087-45c5-80f1-767341edd15c\" width=\"1\" height=\"1\" alt=\"\" \/><\/p>\n","protected":false},"excerpt":{"rendered":"<p>Aplica\u00e7\u00f5es de nanotecnologia em fertiliza\u00e7\u00e3o, prote\u00e7\u00e3o de cultivos e rastreabilidade come\u00e7am a sair dos laborat\u00f3rios e chegar ao campo, com resultados que desafiam modelos convencionais<\/p>\n","protected":false},"author":3647118390,"featured_media":4870,"comment_status":"open","ping_status":"open","sticky":false,"template":"","format":"standard","meta":{"footnotes":""},"categories":[3],"tags":[],"class_list":["post-4871","post","type-post","status-publish","format-standard","has-post-thumbnail","hentry","category-geral"],"_links":{"self":[{"href":"https:\/\/vitrinedafama.com.br\/index.php\/wp-json\/wp\/v2\/posts\/4871","targetHints":{"allow":["GET"]}}],"collection":[{"href":"https:\/\/vitrinedafama.com.br\/index.php\/wp-json\/wp\/v2\/posts"}],"about":[{"href":"https:\/\/vitrinedafama.com.br\/index.php\/wp-json\/wp\/v2\/types\/post"}],"author":[{"embeddable":true,"href":"https:\/\/vitrinedafama.com.br\/index.php\/wp-json\/wp\/v2\/users\/3647118390"}],"replies":[{"embeddable":true,"href":"https:\/\/vitrinedafama.com.br\/index.php\/wp-json\/wp\/v2\/comments?post=4871"}],"version-history":[{"count":0,"href":"https:\/\/vitrinedafama.com.br\/index.php\/wp-json\/wp\/v2\/posts\/4871\/revisions"}],"wp:featuredmedia":[{"embeddable":true,"href":"https:\/\/vitrinedafama.com.br\/index.php\/wp-json\/wp\/v2\/media\/4870"}],"wp:attachment":[{"href":"https:\/\/vitrinedafama.com.br\/index.php\/wp-json\/wp\/v2\/media?parent=4871"}],"wp:term":[{"taxonomy":"category","embeddable":true,"href":"https:\/\/vitrinedafama.com.br\/index.php\/wp-json\/wp\/v2\/categories?post=4871"},{"taxonomy":"post_tag","embeddable":true,"href":"https:\/\/vitrinedafama.com.br\/index.php\/wp-json\/wp\/v2\/tags?post=4871"}],"curies":[{"name":"wp","href":"https:\/\/api.w.org\/{rel}","templated":true}]}}