{"id":4862,"date":"2026-04-20T17:17:50","date_gmt":"2026-04-20T20:17:50","guid":{"rendered":"https:\/\/vitrinedafama.com.br\/?p=4862"},"modified":"2026-04-20T17:17:53","modified_gmt":"2026-04-20T20:17:53","slug":"ivete-sangalo-leva-o-ivete-clareou-a-recife-e-reune-influenciadores-em-noite-de-celebracao-ao-samba","status":"publish","type":"post","link":"https:\/\/vitrinedafama.com.br\/index.php\/2026\/04\/20\/ivete-sangalo-leva-o-ivete-clareou-a-recife-e-reune-influenciadores-em-noite-de-celebracao-ao-samba\/","title":{"rendered":"Ivete Sangalo leva o \u201cIvete Clareou\u201d a Recife e re\u00fane influenciadores em noite de celebra\u00e7\u00e3o ao samba"},"content":{"rendered":"\n<p><strong><em>Com participa\u00e7\u00e3o de Priscila Senna e presen\u00e7a de influenciadores locais, show em Olinda refor\u00e7a a conex\u00e3o entre tradi\u00e7\u00e3o, entretenimento e alcance digital<\/em><\/strong><\/p>\n\n\n\n<p><br>A energia contagiante de Ivete Sangalo tomou conta da Regi\u00e3o Metropolitana do Recife no \u00faltimo dia 18 de abril de 2026. Com a turn\u00ea \u201cIvete Clareou\u201d, a artista baiana transformou o espa\u00e7o externo do Centro de Conven\u00e7\u00f5es, em Olinda, em um verdadeiro santu\u00e1rio do samba, reunindo f\u00e3s, admiradores e nomes influentes das redes sociais em uma noite marcada por m\u00fasica, emo\u00e7\u00e3o e conex\u00e3o.<\/p>\n\n\n\n<p>O projeto \u201cIvete Clareou\u201d tem como proposta revisitar o samba, trazendo releituras, cl\u00e1ssicos e can\u00e7\u00f5es in\u00e9ditas com a identidade da cantora. A turn\u00ea, que j\u00e1 percorre importantes capitais brasileiras, refor\u00e7a a versatilidade de Ivete e sua capacidade de transitar por diferentes estilos sem perder sua ess\u00eancia vibrante. Em Recife, n\u00e3o foi diferente, o p\u00fablico acompanhou um repert\u00f3rio envolvente, com convidados especial Priscila Senna, trazendo o brega pernambucano, com direito a coro coletivo, momentos intimistas e explos\u00f5es de alegria t\u00edpicas dos shows da artista.<\/p>\n\n\n\n<figure class=\"wp-block-image size-large\"><img loading=\"lazy\" decoding=\"async\" width=\"1010\" height=\"1024\" src=\"https:\/\/vitrinedafama.com.br\/wp-content\/uploads\/2026\/04\/IMG-20260420-WA0050-1010x1024.jpg\" alt=\"\" class=\"wp-image-4864\" srcset=\"https:\/\/vitrinedafama.com.br\/wp-content\/uploads\/2026\/04\/IMG-20260420-WA0050-1010x1024.jpg 1010w, https:\/\/vitrinedafama.com.br\/wp-content\/uploads\/2026\/04\/IMG-20260420-WA0050-296x300.jpg 296w, https:\/\/vitrinedafama.com.br\/wp-content\/uploads\/2026\/04\/IMG-20260420-WA0050-768x779.jpg 768w, https:\/\/vitrinedafama.com.br\/wp-content\/uploads\/2026\/04\/IMG-20260420-WA0050-100x100.jpg 100w, https:\/\/vitrinedafama.com.br\/wp-content\/uploads\/2026\/04\/IMG-20260420-WA0050.jpg 1290w\" sizes=\"auto, (max-width: 1010px) 100vw, 1010px\" \/><\/figure>\n\n\n\n<p>Mas n\u00e3o foi apenas o p\u00fablico geral que marcou presen\u00e7a. O evento tamb\u00e9m reuniu alguns dos influenciadores digitais mais conhecidos da capital pernambucana. Nomes como Junior Lins, Amanda Manoela, Hadassa Carvalho, Darlan Ferraz e Rita Broussaud estiveram presentes n\u00e3o s\u00f3 no show principal, mas tamb\u00e9m nos ensaios que antecederam a apresenta\u00e7\u00e3o. Os influenciadores tiveram um momento intimista, al\u00e9m de um encontro com a pr\u00f3pria Ivete na van, participa\u00e7\u00e3o nos ensaios e uma \u00f3tima vista do open bar no show principal.<\/p>\n\n\n\n<p>Todos eles fazem parte da Aloha Influencer, ag\u00eancia que vem se destacando no cen\u00e1rio digital por reunir criadores de conte\u00fado com forte engajamento e presen\u00e7a marcante em eventos de grande porte. A participa\u00e7\u00e3o do grupo refor\u00e7a a import\u00e2ncia da conex\u00e3o entre entretenimento e redes sociais, ampliando ainda mais o alcance e a repercuss\u00e3o do projeto.<\/p>\n\n\n\n<p>Durante o evento, os influenciadores compartilharam bastidores, momentos exclusivos e registros ao lado do p\u00fablico, contribuindo para que a experi\u00eancia ultrapassasse os limites f\u00edsicos do show e ganhasse destaque tamb\u00e9m no ambiente digital.<\/p>\n","protected":false},"excerpt":{"rendered":"<p>Com participa\u00e7\u00e3o de Priscila Senna e presen\u00e7a de influenciadores locais, show em Olinda refor\u00e7a a conex\u00e3o entre tradi\u00e7\u00e3o, entretenimento e alcance digital A energia contagiante de Ivete Sangalo tomou conta da Regi\u00e3o Metropolitana do Recife no \u00faltimo dia 18 de abril de 2026. Com a turn\u00ea \u201cIvete Clareou\u201d, a artista baiana transformou o espa\u00e7o externo [&hellip;]<\/p>\n","protected":false},"author":1,"featured_media":4863,"comment_status":"open","ping_status":"open","sticky":false,"template":"","format":"standard","meta":{"footnotes":""},"categories":[5],"tags":[],"class_list":["post-4862","post","type-post","status-publish","format-standard","has-post-thumbnail","hentry","category-evento"],"_links":{"self":[{"href":"https:\/\/vitrinedafama.com.br\/index.php\/wp-json\/wp\/v2\/posts\/4862","targetHints":{"allow":["GET"]}}],"collection":[{"href":"https:\/\/vitrinedafama.com.br\/index.php\/wp-json\/wp\/v2\/posts"}],"about":[{"href":"https:\/\/vitrinedafama.com.br\/index.php\/wp-json\/wp\/v2\/types\/post"}],"author":[{"embeddable":true,"href":"https:\/\/vitrinedafama.com.br\/index.php\/wp-json\/wp\/v2\/users\/1"}],"replies":[{"embeddable":true,"href":"https:\/\/vitrinedafama.com.br\/index.php\/wp-json\/wp\/v2\/comments?post=4862"}],"version-history":[{"count":1,"href":"https:\/\/vitrinedafama.com.br\/index.php\/wp-json\/wp\/v2\/posts\/4862\/revisions"}],"predecessor-version":[{"id":4865,"href":"https:\/\/vitrinedafama.com.br\/index.php\/wp-json\/wp\/v2\/posts\/4862\/revisions\/4865"}],"wp:featuredmedia":[{"embeddable":true,"href":"https:\/\/vitrinedafama.com.br\/index.php\/wp-json\/wp\/v2\/media\/4863"}],"wp:attachment":[{"href":"https:\/\/vitrinedafama.com.br\/index.php\/wp-json\/wp\/v2\/media?parent=4862"}],"wp:term":[{"taxonomy":"category","embeddable":true,"href":"https:\/\/vitrinedafama.com.br\/index.php\/wp-json\/wp\/v2\/categories?post=4862"},{"taxonomy":"post_tag","embeddable":true,"href":"https:\/\/vitrinedafama.com.br\/index.php\/wp-json\/wp\/v2\/tags?post=4862"}],"curies":[{"name":"wp","href":"https:\/\/api.w.org\/{rel}","templated":true}]}}