{"id":4840,"date":"2026-04-17T13:45:19","date_gmt":"2026-04-17T16:45:19","guid":{"rendered":"https:\/\/vitrinedafama.com.br\/index.php\/2026\/04\/17\/valuation-humano-por-que-empresas-que-investem-em-capital-emocional-entram-no-radar-do-mercado\/"},"modified":"2026-04-17T13:45:19","modified_gmt":"2026-04-17T16:45:19","slug":"valuation-humano-por-que-empresas-que-investem-em-capital-emocional-entram-no-radar-do-mercado","status":"publish","type":"post","link":"https:\/\/vitrinedafama.com.br\/index.php\/2026\/04\/17\/valuation-humano-por-que-empresas-que-investem-em-capital-emocional-entram-no-radar-do-mercado\/","title":{"rendered":"Valuation Humano: por que empresas que investem em capital emocional entram no radar do mercado"},"content":{"rendered":"<p><span style=\"background-color: transparent\">Durante d\u00e9cadas, o valuation empresarial foi tratado como um exerc\u00edcio predominantemente financeiro. Receita, margem, gera\u00e7\u00e3o de caixa, custo de capital e perspectiva de crescimento seguiram no centro da equa\u00e7\u00e3o. Mas a expans\u00e3o da economia dos intang\u00edveis come\u00e7ou a expor uma lacuna nesse modelo: boa parte do valor criado pelas empresas passa por ativos que o balan\u00e7o n\u00e3o captura integralmente. A pr\u00f3pria IAS 38, norma internacional de contabilidade para ativos intang\u00edveis, reconhece que gastos com itens intang\u00edveis s\u00e3o lan\u00e7ados como despesa, salvo quando atendem a crit\u00e9rios espec\u00edficos de reconhecimento, e ressalta a dificuldade de tratar ativos gerados internamente, como marcas e outros elementos n\u00e3o separ\u00e1veis, como ativos cont\u00e1beis formais.&nbsp;<\/span><\/p>\n<p><\/p>\n<p><span style=\"background-color: transparent\">\u00c9 nesse ponto que entra o conceito de&nbsp;<\/span><a rel=\"nofollow noopener\" href=\"https:\/\/jrmcoaching.com.br\/blog\/entendendo-o-conceito-de-valuation-humano\/\" target=\"_blank\" style=\"background-color: transparent\">Valuation Humano<\/a><span style=\"background-color: transparent\">, formulado por Jos\u00e9 Roberto Marques, fundador do&nbsp;<\/span><a rel=\"nofollow noopener\" href=\"https:\/\/www.ibccoaching.com.br\/\" target=\"_blank\" style=\"background-color: transparent\">IBC.<\/a><span style=\"background-color: transparent\">&nbsp;A proposta parte de uma premissa simples, mas sens\u00edvel para conselhos, investidores e lideran\u00e7as: o valor de uma empresa n\u00e3o estaria apenas no que ela fatura ou possui, mas tamb\u00e9m na qualidade emocional, relacional e decis\u00f3ria de quem sustenta sua opera\u00e7\u00e3o. Em outras palavras, o capital humano deixaria de ser apenas linha de custo para passar a ser observado como fator de gera\u00e7\u00e3o, preserva\u00e7\u00e3o ou destrui\u00e7\u00e3o de valor.<\/span><\/p>\n<p><\/p>\n<p><span style=\"background-color: transparent\">\u201cValuation Humano&#8221; \u00e9 a ideia de que o valor de uma empresa n\u00e3o est\u00e1 apenas no balan\u00e7o. Est\u00e1 nas pessoas. Uma equipe emocionalmente madura toma decis\u00f5es melhores, inova mais, ret\u00e9m talentos e gera resultados superiores. Quando voc\u00ea mensura isso, o impacto no valuation \u00e9 direto\u201d, afirma Jos\u00e9 Roberto Marques.<\/span><\/p>\n<p><\/p>\n<p><span style=\"background-color: transparent\">Embora o termo seja autoral, o debate ao redor dele est\u00e1 longe de ser isolado. O F\u00f3rum Econ\u00f4mico Mundial observou, em 2024, que o capital humano continua sendo um importante motor de cria\u00e7\u00e3o de valor, apesar de ainda ser tratado de forma diferente de outros ativos nas demonstra\u00e7\u00f5es financeiras. Na mesma dire\u00e7\u00e3o, a IFC, bra\u00e7o do Banco Mundial para o setor privado, publicou em 2025 uma nota t\u00e9cnica afirmando que a divulga\u00e7\u00e3o de dados sobre capital humano pode melhorar o acesso a capital, fortalecer ratings ESG e atender a expectativas crescentes de investidores, reguladores e ag\u00eancias de avalia\u00e7\u00e3o.&nbsp;<\/span><\/p>\n<p><\/p>\n<p><span style=\"background-color: transparent\">O mercado j\u00e1 oferece sinais concretos de que sa\u00fade organizacional, engajamento e qualidade da gest\u00e3o impactam desempenho econ\u00f4mico. Pesquisa da McKinsey mostra que organiza\u00e7\u00f5es saud\u00e1veis entregam, no longo prazo, tr\u00eas vezes mais retorno total ao acionista do que organiza\u00e7\u00f5es n\u00e3o saud\u00e1veis, independentemente do setor. Em outro recorte citado pela consultoria, companhias que melhoraram sua sa\u00fade organizacional registraram aumento de 18% no EBITDA em um ano, e transforma\u00e7\u00f5es que incorporaram investimentos em sa\u00fade organizacional produziram 35% mais TSR do que aquelas que n\u00e3o o fizeram.&nbsp;<\/span><\/p>\n<p><\/p>\n<p><span style=\"background-color: transparent\">O custo da neglig\u00eancia tamb\u00e9m \u00e9 mensur\u00e1vel. No relat\u00f3rio State of the Global Workplace 2025, a Gallup mostrou que o engajamento global caiu para 21% em 2024 e estimou perda de US$438 bilh\u00f5es em produtividade no ano. A consultoria tamb\u00e9m calcula que, se o mundo do trabalho operasse em patamares amplos de engajamento, haveria potencial de adicionar US$9,6 trilh\u00f5es \u00e0 economia global, algo equivalente a 9% do PIB mundial. O dado ajuda a deslocar o tema do campo do bem-estar abstrato para o terreno mais concreto da cria\u00e7\u00e3o de valor.&nbsp;<\/span><\/p>\n<p><\/p>\n<p><span style=\"background-color: transparent\">Nesse contexto, o que Jos\u00e9 Roberto Marques chama de Valuation Humano funciona menos como substitui\u00e7\u00e3o das m\u00e9tricas tradicionais e mais como uma camada complementar de an\u00e1lise. A l\u00f3gica \u00e9 que turnover elevado, burnout, absente\u00edsmo, baixa confian\u00e7a interna e lideran\u00e7a desorganizada n\u00e3o s\u00e3o apenas problemas de clima. S\u00e3o fatores que afetam produtividade, aumentam custo de reposi\u00e7\u00e3o, comprometem execu\u00e7\u00e3o e, no limite, ampliam risco operacional e reputacional.<\/span><\/p>\n<p><\/p>\n<p><span style=\"background-color: transparent\">\u201cHoje o mercado ainda discute pessoas como despesa e sa\u00fade emocional como benef\u00edcio. O Valuation Humano prop\u00f5e outra leitura: equipes desequilibradas geram risco, e equipes maduras geram valor. Esse diferencial precisa entrar na l\u00f3gica de avalia\u00e7\u00e3o das empresas\u201d, diz Jos\u00e9 Roberto Marques.<\/span><\/p>\n<p><\/p>\n<p><span style=\"background-color: transparent\">A discuss\u00e3o ganha ainda mais tra\u00e7\u00e3o porque o tema deixou de ser apenas volunt\u00e1rio. No Brasil, a partir de 26 de maio de 2026, a NR-1 passar\u00e1 a incluir expressamente os fatores de risco psicossociais no Gerenciamento de Riscos Ocupacionais. Segundo o Minist\u00e9rio do Trabalho e Emprego, esses fatores dever\u00e3o constar no invent\u00e1rio de riscos ao lado dos riscos f\u00edsicos, qu\u00edmicos, biol\u00f3gicos, ergon\u00f4micos e de acidentes. Entre os exemplos citados pelo governo est\u00e3o metas imposs\u00edveis, sobrecarga, ass\u00e9dio moral, falhas de comunica\u00e7\u00e3o e falta de apoio da lideran\u00e7a.&nbsp;<\/span><\/p>\n<p><span style=\"background-color: transparent\">Essa mudan\u00e7a regulat\u00f3ria altera o enquadramento do debate. O que antes era visto como agenda de cultura ou gest\u00e3o de pessoas passa a tocar compliance, preven\u00e7\u00e3o de passivos e governan\u00e7a. Para empresas expostas a alta rotatividade, press\u00e3o intensa por performance ou modelos de lideran\u00e7a mais fr\u00e1geis, o risco emocional tende a se tornar mais vis\u00edvel, inclusive para auditorias internas, conselhos e \u00e1reas jur\u00eddicas.<\/span><\/p>\n<p><\/p>\n<p><span style=\"background-color: transparent\">\u201cA NR-1 \u00e9 uma sinaliza\u00e7\u00e3o clara de que sa\u00fade emocional n\u00e3o \u00e9 acess\u00f3rio. \u00c9 infraestrutura de gest\u00e3o. Empresas que tratarem isso com anteced\u00eancia ter\u00e3o vantagem operacional e menos exposi\u00e7\u00e3o a passivos. As que ignorarem o tema v\u00e3o descobrir tarde o custo da omiss\u00e3o\u201d, afirma Jos\u00e9 Roberto Marques.<\/span><\/p>\n<p><\/p>\n<p><span style=\"background-color: transparent\">Tamb\u00e9m n\u00e3o \u00e9 por acaso que estruturas de reporte v\u00eam se sofisticando. Em agosto de 2025, a ISO publicou a segunda edi\u00e7\u00e3o da ISO 30414, norma voltada a reporte e divulga\u00e7\u00e3o de capital humano. A atualiza\u00e7\u00e3o introduziu requisitos audit\u00e1veis, definiu uma base de 14 m\u00e9tricas obrigat\u00f3rias e ampliou o escopo para incluir bem-estar da for\u00e7a de trabalho, produtividade, \u00e9tica, rela\u00e7\u00f5es de trabalho e direitos humanos. O movimento refor\u00e7a a ideia de que o capital humano est\u00e1 migrando de um campo difuso para um espa\u00e7o mais mensur\u00e1vel, transparente e pass\u00edvel de reporte.<\/span><\/p>\n<p><\/p>\n<p><span style=\"background-color: transparent\">Sob essa \u00f3tica, o Valuation Humano busca antecipar uma tend\u00eancia mais ampla do mercado. Assim como indicadores ambientais e de governan\u00e7a passaram de pauta perif\u00e9rica a componente recorrente de dilig\u00eancia e precifica\u00e7\u00e3o, m\u00e9tricas ligadas \u00e0 qualidade humana das organiza\u00e7\u00f5es podem ganhar densidade semelhante. A diferen\u00e7a \u00e9 que, neste caso, o ativo central n\u00e3o est\u00e1 em m\u00e1quinas, im\u00f3veis ou patentes, mas na capacidade de uma empresa de sustentar desempenho por meio de pessoas emocionalmente preparadas.<\/span><\/p>\n<p><\/p>\n<p><span style=\"background-color: transparent\">Jos\u00e9 Roberto Marques construiu sua atua\u00e7\u00e3o ao longo de mais de quatro d\u00e9cadas no campo do desenvolvimento humano, em uma opera\u00e7\u00e3o que alcan\u00e7ou escala rara no setor, com mais de 6 milh\u00f5es de pessoas treinadas, presen\u00e7a em mais de 40 pa\u00edses, mais de 140 mil alunos formados e 110 livros publicados com mais de 15 milh\u00f5es de vendas. \u00c9 dessa experi\u00eancia acumulada, e da observa\u00e7\u00e3o cont\u00ednua sobre comportamento, desempenho e tomada de decis\u00e3o em ambientes corporativos, que surge a formula\u00e7\u00e3o do Valuation Humano.<\/span><\/p>\n<p><\/p>\n<p><span style=\"background-color: transparent\">O conceito parte de uma tentativa de traduzir, em linguagem de neg\u00f3cio, um ponto que j\u00e1 aparece com frequ\u00eancia crescente na literatura de gest\u00e3o e nos dados de mercado: empresas n\u00e3o perdem valor apenas por falhas financeiras ou operacionais, mas tamb\u00e9m por desorganiza\u00e7\u00e3o humana, desgaste emocional e incapacidade de sustentar ambientes produtivos. Neste enquadramento, o capital humano deixa de ser apenas um tema de cultura ou desenvolvimento interno e passa a se aproximar da l\u00f3gica de risco, efici\u00eancia e gera\u00e7\u00e3o de valor.<\/span><\/p>\n<p><img loading=\"lazy\" decoding=\"async\" src=\"https:\/\/us-central1-pulsebrand-plataforma.cloudfunctions.net\/trackPixel?c=bc74a696-36d7-4114-8b50-df4637b75bec&amp;v=a3f4abd1-5586-4c2c-b962-8c63ec8bb245&amp;p=881a33ed-2087-45c5-80f1-767341edd15c\" width=\"1\" height=\"1\" alt=\"\" \/><\/p>\n","protected":false},"excerpt":{"rendered":"<p>Conceito defendido por Jos\u00e9 Roberto Marques prop\u00f5e incluir maturidade emocional, sa\u00fade organizacional e qualidade das equipes na leitura de valor das companhias, em um momento em que investidores, reguladores e gestores ampliam a aten\u00e7\u00e3o ao capital humano.<\/p>\n","protected":false},"author":3647118390,"featured_media":4839,"comment_status":"open","ping_status":"open","sticky":false,"template":"","format":"standard","meta":{"footnotes":""},"categories":[3],"tags":[],"class_list":["post-4840","post","type-post","status-publish","format-standard","has-post-thumbnail","hentry","category-geral"],"_links":{"self":[{"href":"https:\/\/vitrinedafama.com.br\/index.php\/wp-json\/wp\/v2\/posts\/4840","targetHints":{"allow":["GET"]}}],"collection":[{"href":"https:\/\/vitrinedafama.com.br\/index.php\/wp-json\/wp\/v2\/posts"}],"about":[{"href":"https:\/\/vitrinedafama.com.br\/index.php\/wp-json\/wp\/v2\/types\/post"}],"author":[{"embeddable":true,"href":"https:\/\/vitrinedafama.com.br\/index.php\/wp-json\/wp\/v2\/users\/3647118390"}],"replies":[{"embeddable":true,"href":"https:\/\/vitrinedafama.com.br\/index.php\/wp-json\/wp\/v2\/comments?post=4840"}],"version-history":[{"count":0,"href":"https:\/\/vitrinedafama.com.br\/index.php\/wp-json\/wp\/v2\/posts\/4840\/revisions"}],"wp:featuredmedia":[{"embeddable":true,"href":"https:\/\/vitrinedafama.com.br\/index.php\/wp-json\/wp\/v2\/media\/4839"}],"wp:attachment":[{"href":"https:\/\/vitrinedafama.com.br\/index.php\/wp-json\/wp\/v2\/media?parent=4840"}],"wp:term":[{"taxonomy":"category","embeddable":true,"href":"https:\/\/vitrinedafama.com.br\/index.php\/wp-json\/wp\/v2\/categories?post=4840"},{"taxonomy":"post_tag","embeddable":true,"href":"https:\/\/vitrinedafama.com.br\/index.php\/wp-json\/wp\/v2\/tags?post=4840"}],"curies":[{"name":"wp","href":"https:\/\/api.w.org\/{rel}","templated":true}]}}