{"id":4522,"date":"2025-12-16T10:22:00","date_gmt":"2025-12-16T13:22:00","guid":{"rendered":"https:\/\/vitrinedafama.com.br\/?p=4522"},"modified":"2025-12-16T10:22:02","modified_gmt":"2025-12-16T13:22:02","slug":"alma-brasileira-carla-corsino-transforma-o-piano-em-paisagem-afetiva-do-pais","status":"publish","type":"post","link":"https:\/\/vitrinedafama.com.br\/index.php\/2025\/12\/16\/alma-brasileira-carla-corsino-transforma-o-piano-em-paisagem-afetiva-do-pais\/","title":{"rendered":"\u201cAlma Brasileira\u201d: Carla Corsino transforma o piano em paisagem afetiva do pa\u00eds"},"content":{"rendered":"\n<p>Acaba de chegar \u00e0s plataformas digitais&nbsp;<em>Alma Brasileira<\/em>, novo \u00e1lbum da pianista Carla Corsino, um delicado e profundo tributo \u00e0 m\u00fasica brasileira de concerto. O disco prop\u00f5e uma travessia sens\u00edvel por paisagens sonoras que revelam a alma do pa\u00eds, entre serestas, toadas, dan\u00e7as e atmosferas que ecoam afetos, mem\u00f3rias e territ\u00f3rios.<\/p>\n\n\n\n<figure class=\"wp-block-embed is-type-rich is-provider-spotify wp-block-embed-spotify wp-embed-aspect-21-9 wp-has-aspect-ratio\"><div class=\"wp-block-embed__wrapper\">\n<iframe title=\"Spotify Embed: Alma Brasileira\" style=\"border-radius: 12px\" width=\"100%\" height=\"352\" frameborder=\"0\" allowfullscreen allow=\"autoplay; clipboard-write; encrypted-media; fullscreen; picture-in-picture\" loading=\"lazy\" src=\"https:\/\/open.spotify.com\/embed\/album\/1DtnRK7vl3lgtTukETqHB0?si=QUD_UAlNT7en3wM2JZ0nEQ&amp;utm_source=oembed\"><\/iframe>\n<\/div><\/figure>\n\n\n\n<p>Gravado no Est\u00fadio Monteverdi, em S\u00e3o Paulo, com dire\u00e7\u00e3o art\u00edstica de Cl\u00e1udio Dauelsberg e dire\u00e7\u00e3o musical de Guilherme Pozzi, o trabalho re\u00fane obras de 14 compositores e compositoras brasileiros, costurando tradi\u00e7\u00e3o e contemporaneidade, rigor erudito e lirismo popular em um percurso sonoro coeso e envolvente.<\/p>\n\n\n\n<p>O repert\u00f3rio transita entre mestres incontorn\u00e1veis, como Heitor Villa-Lobos, Radam\u00e9s Gnattali e Camargo Guarnieri, e criadores da cena atual, como L\u00e9a Freire, Sandra Mohr e Uan\u00e1 Barreto. Entre valsas, serestas, toccatas e dan\u00e7as brasileiras,&nbsp;<em>Alma Brasileira<\/em>&nbsp;desenha um retrato plural e emotivo do piano nacional, revelando a riqueza est\u00e9tica de diferentes \u00e9pocas e linguagens.<\/p>\n\n\n\n<p>Com interpreta\u00e7\u00e3o fluida, refinada e profundamente musical, Carla Corsino percorre esse universo com escuta atenta e dom\u00ednio t\u00e9cnico, valorizando as nuances hist\u00f3ricas e afetivas de cada obra. Para o diretor art\u00edstico Cl\u00e1udio Dauelsberg, \u201c<em>Alma Brasileira<\/em>&nbsp;\u00e9 um convite a mergulhar na riqueza est\u00e9tica e na diversidade afetiva da m\u00fasica brasileira para piano\u201d.<\/p>\n\n\n\n<p>Pianista, educadora e int\u00e9rprete dedicada \u00e0 difus\u00e3o da m\u00fasica brasileira, Carla Corsino \u00e9 bacharel em Piano pela UFU e p\u00f3s-graduada em Pedagogia do Piano pela Faculdade Santa Marcelina. Estudou com nomes como Camargo Guarnieri, Maria Jos\u00e9 Carrasqueira e J. J. Koelreutter, e participou de festivais, masterclasses e apresenta\u00e7\u00f5es no Brasil e no exterior, incluindo Portugal e Dubai. Radicada em S\u00e3o Paulo, alia a carreira art\u00edstica ao ensino do piano para crian\u00e7as, mantendo um trabalho consistente de valoriza\u00e7\u00e3o do repert\u00f3rio nacional.<\/p>\n\n\n\n<h3 class=\"wp-block-heading\">Conhe\u00e7a:<\/h3>\n\n\n\n<figure class=\"wp-block-embed is-type-video is-provider-youtube wp-block-embed-youtube wp-embed-aspect-16-9 wp-has-aspect-ratio\"><div class=\"wp-block-embed__wrapper\">\n<iframe loading=\"lazy\" title=\"Catarina Domenici - Alma Caipira - Carla Corsino.  #musicabrasileira #compositoras #pianobrasileiro\" width=\"880\" height=\"495\" src=\"https:\/\/www.youtube.com\/embed\/vUj5lYjRAcc?feature=oembed\" frameborder=\"0\" allow=\"accelerometer; autoplay; clipboard-write; encrypted-media; gyroscope; picture-in-picture; web-share\" referrerpolicy=\"strict-origin-when-cross-origin\" allowfullscreen><\/iframe>\n<\/div><\/figure>\n\n\n\n<p><strong>Repert\u00f3rio:<br><\/strong>Cl\u00e1udio Dauelsberg \u2013 Can\u00e7\u00e3o Seresta<br>Catarina Domenici \u2013 Alma Caipira<br>Andr\u00e9 Mehmari \u2013 Choro, Can\u00e7\u00e3o e Dan\u00e7a<br>Patr\u00edcia Lopes \u2013 Valsa da Esperan\u00e7a<br>Almeida Prado \u2013 Impress\u00f5es Serranas: Monte Verde<br>Heitor Villa-Lobos \u2013 Impress\u00f5es Seresteiras<br>Heitor Villa-Lobos \u2013 Alma Brasileira<br>Radam\u00e9s Gnattali \u2013 Alma Brasileira<br>Elvira Drummond \u2013 Valsa Seresteira<br>L\u00e9a Freire \u2013 Mamulengo<br>Camargo Guarnieri \u2013 Can\u00e7\u00e3o Sertaneja<br>Camargo Guarnieri \u2013 Dan\u00e7a Brasileira<br>Sandra Mohr \u2013 Impress\u00f5es Tropicais: Dan\u00e7a da Floresta<br>Uan\u00e1 Barreto \u2013 Toccata Mi\u00fada<\/p>\n\n\n\n<p><strong>Ficha t\u00e9cnica<\/strong>:<br>Pianista int\u00e9rprete: Carla Corsino<br>Dire\u00e7\u00e3o executiva e coordena\u00e7\u00e3o: @veronigirelli<br>Dire\u00e7\u00e3o Musical: Luiz Guilherme Pozzi<br>Dire\u00e7\u00e3o Art\u00edstica: Cl\u00e1udio Dauelsberg<br>Grava\u00e7\u00e3o, mixagem e masteriza\u00e7\u00e3o: Andr\u00e9 Mehmari no Est\u00fadio Monteverdi<br>Engenharia de som: Douglas Fonseca<br>Assessoria t\u00e9cnica: Ana Cristina Froner<br>Diagramador EPK: @maurycattermol<br>Designer de arte: Thaissa Esteves<br>Fotografia: Heloisa Bortz<br>Visagismo: Patr\u00edcia Cardin<br>videomaker: Abraham Orozco<br>Distribui\u00e7\u00e3o: Tratore<br>Promo\u00e7\u00e3o\/Produ\u00e7\u00e3o: Ritmiza Produ\u00e7\u00f5es Ltda<br>Patroc\u00ednio: Brasil Cold Storge<\/p>\n","protected":false},"excerpt":{"rendered":"<p>Acaba de chegar \u00e0s plataformas digitais&nbsp;Alma Brasileira, novo \u00e1lbum da pianista Carla Corsino, um delicado e profundo tributo \u00e0 m\u00fasica brasileira de concerto. O disco prop\u00f5e uma travessia sens\u00edvel por paisagens sonoras que revelam a alma do pa\u00eds, entre serestas, toadas, dan\u00e7as e atmosferas que ecoam afetos, mem\u00f3rias e territ\u00f3rios. Gravado no Est\u00fadio Monteverdi, em [&hellip;]<\/p>\n","protected":false},"author":3,"featured_media":4525,"comment_status":"open","ping_status":"open","sticky":false,"template":"","format":"standard","meta":{"footnotes":""},"categories":[6],"tags":[],"class_list":["post-4522","post","type-post","status-publish","format-standard","has-post-thumbnail","hentry","category-musica"],"_links":{"self":[{"href":"https:\/\/vitrinedafama.com.br\/index.php\/wp-json\/wp\/v2\/posts\/4522","targetHints":{"allow":["GET"]}}],"collection":[{"href":"https:\/\/vitrinedafama.com.br\/index.php\/wp-json\/wp\/v2\/posts"}],"about":[{"href":"https:\/\/vitrinedafama.com.br\/index.php\/wp-json\/wp\/v2\/types\/post"}],"author":[{"embeddable":true,"href":"https:\/\/vitrinedafama.com.br\/index.php\/wp-json\/wp\/v2\/users\/3"}],"replies":[{"embeddable":true,"href":"https:\/\/vitrinedafama.com.br\/index.php\/wp-json\/wp\/v2\/comments?post=4522"}],"version-history":[{"count":1,"href":"https:\/\/vitrinedafama.com.br\/index.php\/wp-json\/wp\/v2\/posts\/4522\/revisions"}],"predecessor-version":[{"id":4526,"href":"https:\/\/vitrinedafama.com.br\/index.php\/wp-json\/wp\/v2\/posts\/4522\/revisions\/4526"}],"wp:featuredmedia":[{"embeddable":true,"href":"https:\/\/vitrinedafama.com.br\/index.php\/wp-json\/wp\/v2\/media\/4525"}],"wp:attachment":[{"href":"https:\/\/vitrinedafama.com.br\/index.php\/wp-json\/wp\/v2\/media?parent=4522"}],"wp:term":[{"taxonomy":"category","embeddable":true,"href":"https:\/\/vitrinedafama.com.br\/index.php\/wp-json\/wp\/v2\/categories?post=4522"},{"taxonomy":"post_tag","embeddable":true,"href":"https:\/\/vitrinedafama.com.br\/index.php\/wp-json\/wp\/v2\/tags?post=4522"}],"curies":[{"name":"wp","href":"https:\/\/api.w.org\/{rel}","templated":true}]}}