{"id":2039,"date":"2023-04-18T15:55:35","date_gmt":"2023-04-18T18:55:35","guid":{"rendered":"https:\/\/vitrinedafama.com.br\/?p=2039"},"modified":"2023-04-18T15:55:37","modified_gmt":"2023-04-18T18:55:37","slug":"funkeiro-brasileiro-mc-romy-conquista-espaco-na-europa-com-sua-musica-contagiante","status":"publish","type":"post","link":"https:\/\/vitrinedafama.com.br\/index.php\/2023\/04\/18\/funkeiro-brasileiro-mc-romy-conquista-espaco-na-europa-com-sua-musica-contagiante\/","title":{"rendered":"Funkeiro brasileiro MC Romy conquista espa\u00e7o na Europa com sua m\u00fasica contagiante"},"content":{"rendered":"\n<p class=\"wp-block-paragraph\">MC Romy est\u00e1 ansioso para sua primeira turn\u00ea internacional e promete agitar os palcos europeus com suas m\u00fasicas animadas e sua energia contagiante. O artista \u00e9 conhecido por sua presen\u00e7a de palco marcante e por colocar todo mundo para dan\u00e7ar com seus hits. Com sua m\u00fasica, MC Romy tem o objetivo de levar alegria e boas vibra\u00e7\u00f5es para todos que o acompanham e, agora, para um p\u00fablico ainda maior na Europa.<\/p>\n","protected":false},"excerpt":{"rendered":"<p>MC Romy est\u00e1 ansioso para sua primeira turn\u00ea internacional e promete agitar os palcos europeus com suas m\u00fasicas animadas e sua energia contagiante. O [&hellip;]<\/p>\n","protected":false},"author":3003182825,"featured_media":0,"comment_status":"open","ping_status":"open","sticky":false,"template":"","format":"standard","meta":{"footnotes":""},"categories":[5,6],"tags":[338,339,260],"class_list":["post-2039","post","type-post","status-publish","format-standard","hentry","category-evento","category-musica","tag-europa","tag-mc-romy","tag-pancadao"],"_links":{"self":[{"href":"https:\/\/vitrinedafama.com.br\/index.php\/wp-json\/wp\/v2\/posts\/2039","targetHints":{"allow":["GET"]}}],"collection":[{"href":"https:\/\/vitrinedafama.com.br\/index.php\/wp-json\/wp\/v2\/posts"}],"about":[{"href":"https:\/\/vitrinedafama.com.br\/index.php\/wp-json\/wp\/v2\/types\/post"}],"author":[{"embeddable":true,"href":"https:\/\/vitrinedafama.com.br\/index.php\/wp-json\/wp\/v2\/users\/3003182825"}],"replies":[{"embeddable":true,"href":"https:\/\/vitrinedafama.com.br\/index.php\/wp-json\/wp\/v2\/comments?post=2039"}],"version-history":[{"count":1,"href":"https:\/\/vitrinedafama.com.br\/index.php\/wp-json\/wp\/v2\/posts\/2039\/revisions"}],"predecessor-version":[{"id":2041,"href":"https:\/\/vitrinedafama.com.br\/index.php\/wp-json\/wp\/v2\/posts\/2039\/revisions\/2041"}],"wp:attachment":[{"href":"https:\/\/vitrinedafama.com.br\/index.php\/wp-json\/wp\/v2\/media?parent=2039"}],"wp:term":[{"taxonomy":"category","embeddable":true,"href":"https:\/\/vitrinedafama.com.br\/index.php\/wp-json\/wp\/v2\/categories?post=2039"},{"taxonomy":"post_tag","embeddable":true,"href":"https:\/\/vitrinedafama.com.br\/index.php\/wp-json\/wp\/v2\/tags?post=2039"}],"curies":[{"name":"wp","href":"https:\/\/api.w.org\/{rel}","templated":true}]}}