{"id":1784,"date":"2023-01-18T01:40:19","date_gmt":"2023-01-18T04:40:19","guid":{"rendered":"https:\/\/vitrinedafama.com.br\/?p=1784"},"modified":"2023-01-18T01:40:22","modified_gmt":"2023-01-18T04:40:22","slug":"na-tailandia-iza-rouba-a-cena-com-peca-ousada-e-causa-frisson-na-web","status":"publish","type":"post","link":"https:\/\/vitrinedafama.com.br\/index.php\/2023\/01\/18\/na-tailandia-iza-rouba-a-cena-com-peca-ousada-e-causa-frisson-na-web\/","title":{"rendered":"Na Tail\u00e2ndia, IZA rouba a cena com pe\u00e7a ousada e causa frisson na web"},"content":{"rendered":"\n<p class=\"wp-block-paragraph\">IZA\u00a0sempre costuma movimentar e gerar um alvoro\u00e7o a cada nova atualiza\u00e7\u00e3o de um registro em suas redes sociais. Um exemplo disso \u00e9 que, a cantora e jurada do\u00a0The Voice Brasil\u00a0tem encantado os internautas ao compartilhar v\u00e1rios cliques de sua viagem para a Tail\u00e2ndia. <\/p>\n\n\n\n<p class=\"wp-block-paragraph\">Nesta ter\u00e7a-feira (17), a cantora publicou algumas fotos em que aparece deslumbrante durante um passeio em uma caverna paradis\u00edaca. Nas imagens, ela surgiu usando uma pe\u00e7a de ver\u00e3o minimalista e mostrou o motivo de ser considerada uma das belas artistas de sua gera\u00e7\u00e3o. Para o momento,\u00a0ela elegeu um biqu\u00edni roxo fininho, que real\u00e7ou totalmente as curvas do seu corpo.\u00a0<\/p>\n\n\n\n<p class=\"wp-block-paragraph\">Dona de uma silhueta desenhada, a cantora fez uma pose estrat\u00e9gica que evidenciou o seu bumbum.\u00a0 Poupando totalmente na legenda da postagem, IZA usou apenas um emoji de concha. J\u00e1 nos coment\u00e1rios da publica\u00e7\u00e3o, a cantora recebeu muitos elogios dos seus f\u00e3s e seguidores. Usu\u00e1rios fizeram quest\u00e3o de exaltar a beleza e boa forma da famosa.<\/p>\n","protected":false},"excerpt":{"rendered":"<p>IZA\u00a0sempre costuma movimentar e gerar um alvoro\u00e7o a cada nova atualiza\u00e7\u00e3o de um registro em suas redes sociais. Um exemplo disso \u00e9 que, a [&hellip;]<\/p>\n","protected":false},"author":1,"featured_media":0,"comment_status":"open","ping_status":"open","sticky":false,"template":"","format":"standard","meta":{"footnotes":""},"categories":[4],"tags":[],"class_list":["post-1784","post","type-post","status-publish","format-standard","hentry","category-famosos"],"_links":{"self":[{"href":"https:\/\/vitrinedafama.com.br\/index.php\/wp-json\/wp\/v2\/posts\/1784","targetHints":{"allow":["GET"]}}],"collection":[{"href":"https:\/\/vitrinedafama.com.br\/index.php\/wp-json\/wp\/v2\/posts"}],"about":[{"href":"https:\/\/vitrinedafama.com.br\/index.php\/wp-json\/wp\/v2\/types\/post"}],"author":[{"embeddable":true,"href":"https:\/\/vitrinedafama.com.br\/index.php\/wp-json\/wp\/v2\/users\/1"}],"replies":[{"embeddable":true,"href":"https:\/\/vitrinedafama.com.br\/index.php\/wp-json\/wp\/v2\/comments?post=1784"}],"version-history":[{"count":1,"href":"https:\/\/vitrinedafama.com.br\/index.php\/wp-json\/wp\/v2\/posts\/1784\/revisions"}],"predecessor-version":[{"id":1786,"href":"https:\/\/vitrinedafama.com.br\/index.php\/wp-json\/wp\/v2\/posts\/1784\/revisions\/1786"}],"wp:attachment":[{"href":"https:\/\/vitrinedafama.com.br\/index.php\/wp-json\/wp\/v2\/media?parent=1784"}],"wp:term":[{"taxonomy":"category","embeddable":true,"href":"https:\/\/vitrinedafama.com.br\/index.php\/wp-json\/wp\/v2\/categories?post=1784"},{"taxonomy":"post_tag","embeddable":true,"href":"https:\/\/vitrinedafama.com.br\/index.php\/wp-json\/wp\/v2\/tags?post=1784"}],"curies":[{"name":"wp","href":"https:\/\/api.w.org\/{rel}","templated":true}]}}