{"id":1517,"date":"2022-09-19T00:29:54","date_gmt":"2022-09-19T03:29:54","guid":{"rendered":"https:\/\/vitrinedafama.com.br\/?p=1517"},"modified":"2022-09-19T00:29:57","modified_gmt":"2022-09-19T03:29:57","slug":"luiz-kingsman-agitou-o-domingo-na-feira-cultural-e-esportiva-lqbtqi-de-caieiras-sp","status":"publish","type":"post","link":"https:\/\/vitrinedafama.com.br\/index.php\/2022\/09\/19\/luiz-kingsman-agitou-o-domingo-na-feira-cultural-e-esportiva-lqbtqi-de-caieiras-sp\/","title":{"rendered":"Luiz Kingsman agitou o domingo na Feira Cultural e Esportiva LQBTQI+ de Caieiras (SP)"},"content":{"rendered":"\n<p class=\"wp-block-paragraph\">Um domingo pra ficar marcado na mem\u00f3ria dos f\u00e3s de uma das drags mais queridas do Brasil, a Luiz Kingsman. Ela colocou todo mundo pra dan\u00e7ar ao som dos seus maiores sucessos, incluindo os hits &#8220;Ratat\u00e1&#8221;, &#8220;Vogue de Bumbum&#8221; e &#8220;Pancad\u00e3o&#8221;. O show aconteceu no domingo, dia 18, na cidade de Caieiras.  <\/p>\n\n\n\n<figure class=\"wp-block-image size-full\"><img decoding=\"async\" src=\"https:\/\/vitrinedafama.com.br\/wp-content\/uploads\/2022\/09\/Screenshot_20220919-000213_Drive1663557152783.jpeg\" alt=\"\" class=\"wp-image-1519\"\/><figcaption>Foto: Divulga\u00e7\u00e3o<\/figcaption><\/figure>\n\n\n\n<p class=\"wp-block-paragraph\">Durante toda semana, o grupo LGBTQI+ Regional promoveu a &#8216;Semana Cultural e Esportiva LGBTQI+&#8217;, com uma s\u00e9rie de eventos culturais para a popula\u00e7\u00e3o de Caieiras e regi\u00e3o. A programa\u00e7\u00e3o foi encerrada no domingo e contou com concurso de Miss Drag, exposi\u00e7\u00e3o, feiras e muito mais. <\/p>\n\n\n\n<p class=\"wp-block-paragraph\">No Teatro Municipal de Caieiras Maestro S\u00e9rgio Valbusa, aconteceu a mostra cultural \u201cDignidade J\u00e1: LGBTIA+\u201d, sob curadoria do Jornalista Maur\u00edcio Coutinho. Com fotos de diversas personagens que diariamente lutam pela conquista de seus direitos, dentre eles, o jornalista Le\u00e3o Lobo, as trans Antara Gold e Camila Prins, as drags Silvetty Montilla, Thalia Bombinha, Lady Fama e o empres\u00e1rio Ricardo Gomes, presidente da C\u00e2mara de Com\u00e9rcio e Turismo LGBT do Brasil e o premiado ator Gil Lima est\u00e3o fazendo parte de todo o evento. <\/p>\n","protected":false},"excerpt":{"rendered":"<p>Um domingo pra ficar marcado na mem\u00f3ria dos f\u00e3s de uma das drags mais queridas do Brasil, a Luiz Kingsman. Ela colocou todo mundo [&hellip;]<\/p>\n","protected":false},"author":1,"featured_media":0,"comment_status":"open","ping_status":"open","sticky":false,"template":"","format":"standard","meta":{"footnotes":""},"categories":[5],"tags":[258],"class_list":["post-1517","post","type-post","status-publish","format-standard","hentry","category-evento","tag-luiz-kingsman"],"_links":{"self":[{"href":"https:\/\/vitrinedafama.com.br\/index.php\/wp-json\/wp\/v2\/posts\/1517","targetHints":{"allow":["GET"]}}],"collection":[{"href":"https:\/\/vitrinedafama.com.br\/index.php\/wp-json\/wp\/v2\/posts"}],"about":[{"href":"https:\/\/vitrinedafama.com.br\/index.php\/wp-json\/wp\/v2\/types\/post"}],"author":[{"embeddable":true,"href":"https:\/\/vitrinedafama.com.br\/index.php\/wp-json\/wp\/v2\/users\/1"}],"replies":[{"embeddable":true,"href":"https:\/\/vitrinedafama.com.br\/index.php\/wp-json\/wp\/v2\/comments?post=1517"}],"version-history":[{"count":1,"href":"https:\/\/vitrinedafama.com.br\/index.php\/wp-json\/wp\/v2\/posts\/1517\/revisions"}],"predecessor-version":[{"id":1520,"href":"https:\/\/vitrinedafama.com.br\/index.php\/wp-json\/wp\/v2\/posts\/1517\/revisions\/1520"}],"wp:attachment":[{"href":"https:\/\/vitrinedafama.com.br\/index.php\/wp-json\/wp\/v2\/media?parent=1517"}],"wp:term":[{"taxonomy":"category","embeddable":true,"href":"https:\/\/vitrinedafama.com.br\/index.php\/wp-json\/wp\/v2\/categories?post=1517"},{"taxonomy":"post_tag","embeddable":true,"href":"https:\/\/vitrinedafama.com.br\/index.php\/wp-json\/wp\/v2\/tags?post=1517"}],"curies":[{"name":"wp","href":"https:\/\/api.w.org\/{rel}","templated":true}]}}