{"id":1495,"date":"2022-08-29T10:20:42","date_gmt":"2022-08-29T13:20:42","guid":{"rendered":"https:\/\/vitrinedafama.com.br\/?p=1495"},"modified":"2022-08-29T10:20:44","modified_gmt":"2022-08-29T13:20:44","slug":"cantora-anitta-e-a-primeira-artista-solo-brasileira-a-vencer-no-vmas","status":"publish","type":"post","link":"https:\/\/vitrinedafama.com.br\/index.php\/2022\/08\/29\/cantora-anitta-e-a-primeira-artista-solo-brasileira-a-vencer-no-vmas\/","title":{"rendered":"Cantora Anitta \u00e9 a primeira artista solo brasileira a vencer no VMAs"},"content":{"rendered":"\n<p class=\"wp-block-paragraph\">Anitta fez hist\u00f3ria neste domingo ao se tornar tanto a primeira brasileira a performar no palco principal do Video Music Awards 2022 (VMAs), realizado pela MTV em Nova Jersey, nos EUA, quanto a primeira artista solo brasileira a ser premiada na cerim\u00f4nia. A cantora ganhou na categoria Melhor Clipe de M\u00fasica Latina com o hit &#8220;Envolver&#8221;, que j\u00e1 havia lhe rendido um registro no Livro dos Recordes como &#8220;primeiro artista latino solo a alcan\u00e7ar o primeiro lugar no Spotify&#8221;. <\/p>\n\n\n\n<p class=\"wp-block-paragraph\">Na disputa com a carioca, estavam Bad Bunny, com &#8220;Tit\u00ed me pregunt\u00f3&#8221;; Becky G X Carol G, com &#8220;MAMIII&#8221;; Daddy Yankee, com &#8220;Remix&#8221;; Farruko, com &#8220;Pepas&#8221;; e J Balvin &amp; Skrillex, com &#8220;In Da Getto&#8221;. \u00a0\u2014 Eu realmente n\u00e3o esperava por isso, acho que vou chorar. S\u00f3 quero dizer, para quem n\u00e3o sabe, esta noite \u00e9 hist\u00f3rica. \u00c9 a primeira vez do Brasil aqui. \u00c9 a primeira vez de algo para o meu pa\u00eds aqui. Eu cantei uma m\u00fasica de um ritmo que j\u00e1 foi considerado um crime, eu cresci e nasci na favela. Em lugares como esse nunca pensamos que isso seria poss\u00edvel. Obrigada \u2014 disse a cantora. <\/p>\n\n\n\n<p class=\"wp-block-paragraph\">Na apresenta\u00e7\u00e3o, Anitta levou o funk a uma das principais premia\u00e7\u00f5es americanas. Antes de come\u00e7ar &#8220;Envolver&#8221;, foram tocados trechos de &#8220;Movimento da Sanfoninha&#8221;, &#8220;Bola Rebola&#8221; e &#8220;Vai Malandra&#8221;. E a cantora ainda provocou: &#8220;VMAs, voc\u00ea pensou que eu n\u00e3o ia rebolar minha bunda nesta noite?&#8221;. \u00a0Para a chegada no evento, Anitta apostou num visual da noite e surgiu deslumbrante num vestido justo vermelho em nova postagem na rede social. \u00a0\u2014 Estamos de vermelho a\u00ed, n\u00e9? Vamos lutar para uma melhora do Brasil \u2014 afirmou. \u00a0Durante a cerim\u00f4nia, a brasileira foi chamada ao palco para realizar sua performance pelas integrantes do BLACKPINK, que tamb\u00e9m se apresentaram no VMAs pela primeira vez neste domingo.<\/p>\n","protected":false},"excerpt":{"rendered":"<p>Anitta fez hist\u00f3ria neste domingo ao se tornar tanto a primeira brasileira a performar no palco principal do Video Music Awards 2022 (VMAs), realizado [&hellip;]<\/p>\n","protected":false},"author":1,"featured_media":0,"comment_status":"open","ping_status":"open","sticky":false,"template":"","format":"standard","meta":{"footnotes":""},"categories":[6],"tags":[],"class_list":["post-1495","post","type-post","status-publish","format-standard","hentry","category-musica"],"_links":{"self":[{"href":"https:\/\/vitrinedafama.com.br\/index.php\/wp-json\/wp\/v2\/posts\/1495","targetHints":{"allow":["GET"]}}],"collection":[{"href":"https:\/\/vitrinedafama.com.br\/index.php\/wp-json\/wp\/v2\/posts"}],"about":[{"href":"https:\/\/vitrinedafama.com.br\/index.php\/wp-json\/wp\/v2\/types\/post"}],"author":[{"embeddable":true,"href":"https:\/\/vitrinedafama.com.br\/index.php\/wp-json\/wp\/v2\/users\/1"}],"replies":[{"embeddable":true,"href":"https:\/\/vitrinedafama.com.br\/index.php\/wp-json\/wp\/v2\/comments?post=1495"}],"version-history":[{"count":1,"href":"https:\/\/vitrinedafama.com.br\/index.php\/wp-json\/wp\/v2\/posts\/1495\/revisions"}],"predecessor-version":[{"id":1497,"href":"https:\/\/vitrinedafama.com.br\/index.php\/wp-json\/wp\/v2\/posts\/1495\/revisions\/1497"}],"wp:attachment":[{"href":"https:\/\/vitrinedafama.com.br\/index.php\/wp-json\/wp\/v2\/media?parent=1495"}],"wp:term":[{"taxonomy":"category","embeddable":true,"href":"https:\/\/vitrinedafama.com.br\/index.php\/wp-json\/wp\/v2\/categories?post=1495"},{"taxonomy":"post_tag","embeddable":true,"href":"https:\/\/vitrinedafama.com.br\/index.php\/wp-json\/wp\/v2\/tags?post=1495"}],"curies":[{"name":"wp","href":"https:\/\/api.w.org\/{rel}","templated":true}]}}