{"id":1414,"date":"2022-07-22T15:43:25","date_gmt":"2022-07-22T18:43:25","guid":{"rendered":"https:\/\/vitrinedafama.com.br\/?p=1414"},"modified":"2022-07-22T15:43:28","modified_gmt":"2022-07-22T18:43:28","slug":"mc-poze-do-rodo-lanca-a-aguardada-metflix","status":"publish","type":"post","link":"https:\/\/vitrinedafama.com.br\/index.php\/2022\/07\/22\/mc-poze-do-rodo-lanca-a-aguardada-metflix\/","title":{"rendered":"Mc Poze do Rodo lan\u00e7a a aguardada \u201cMetflix\u201d"},"content":{"rendered":"\n<p class=\"wp-block-paragraph\">Atra\u00e7\u00e3o confirmada do\u00a0Rock in Rio,\u00a0Poze do Rodo\u00a0se apresentar\u00e1 no palco Supernova na segunda noite do festival, dia 3 de setembro. O artista de 23 anos, que j\u00e1 acumula mais de\u00a01,5 bilh\u00e3o de streamings\u00a0nas plataformas, lan\u00e7a nesta quinta (21) a m\u00fasica \u201cMetflix\u201d. <\/p>\n\n\n\n<p class=\"wp-block-paragraph\">O clipe da nova faixa j\u00e1 est\u00e1 dispon\u00edvel em seu canal oficial \u2013 ap\u00f3s o artista soltar v\u00e1rias pr\u00e9vias para os f\u00e3s \u2013 e revela o lado rom\u00e2ntico de Poze, mas sem deixar a vers\u00e3o trapper de lado. Com produ\u00e7\u00e3o musical de Ajaxx, Mello, Rjpasin e composta por MC Poze do Rodo, Ajaxx e Bielzin, o v\u00eddeo foi dirigido por CesarGabiru. Com seus hits\u00a0\u201cMe sinto aben\u00e7oado\u201d, \u201cEu fiz o jogo virar\u201d, \u201cA cara do crime\u201d e \u201cVida Louca\u201d, Poze do Rodo acumula quase 5 milh\u00f5es de ouvintes mensais somente no Spotify.<\/p>\n","protected":false},"excerpt":{"rendered":"<p>Atra\u00e7\u00e3o confirmada do\u00a0Rock in Rio,\u00a0Poze do Rodo\u00a0se apresentar\u00e1 no palco Supernova na segunda noite do festival, dia 3 de setembro. O artista de 23 [&hellip;]<\/p>\n","protected":false},"author":1,"featured_media":0,"comment_status":"open","ping_status":"open","sticky":false,"template":"","format":"standard","meta":{"footnotes":""},"categories":[6],"tags":[],"class_list":["post-1414","post","type-post","status-publish","format-standard","hentry","category-musica"],"_links":{"self":[{"href":"https:\/\/vitrinedafama.com.br\/index.php\/wp-json\/wp\/v2\/posts\/1414","targetHints":{"allow":["GET"]}}],"collection":[{"href":"https:\/\/vitrinedafama.com.br\/index.php\/wp-json\/wp\/v2\/posts"}],"about":[{"href":"https:\/\/vitrinedafama.com.br\/index.php\/wp-json\/wp\/v2\/types\/post"}],"author":[{"embeddable":true,"href":"https:\/\/vitrinedafama.com.br\/index.php\/wp-json\/wp\/v2\/users\/1"}],"replies":[{"embeddable":true,"href":"https:\/\/vitrinedafama.com.br\/index.php\/wp-json\/wp\/v2\/comments?post=1414"}],"version-history":[{"count":1,"href":"https:\/\/vitrinedafama.com.br\/index.php\/wp-json\/wp\/v2\/posts\/1414\/revisions"}],"predecessor-version":[{"id":1416,"href":"https:\/\/vitrinedafama.com.br\/index.php\/wp-json\/wp\/v2\/posts\/1414\/revisions\/1416"}],"wp:attachment":[{"href":"https:\/\/vitrinedafama.com.br\/index.php\/wp-json\/wp\/v2\/media?parent=1414"}],"wp:term":[{"taxonomy":"category","embeddable":true,"href":"https:\/\/vitrinedafama.com.br\/index.php\/wp-json\/wp\/v2\/categories?post=1414"},{"taxonomy":"post_tag","embeddable":true,"href":"https:\/\/vitrinedafama.com.br\/index.php\/wp-json\/wp\/v2\/tags?post=1414"}],"curies":[{"name":"wp","href":"https:\/\/api.w.org\/{rel}","templated":true}]}}