{"id":1311,"date":"2022-06-10T15:12:07","date_gmt":"2022-06-10T18:12:07","guid":{"rendered":"https:\/\/vitrinedafama.com.br\/?p=1311"},"modified":"2022-06-10T15:12:09","modified_gmt":"2022-06-10T18:12:09","slug":"lucas-pretti-inicia-nova-era-com-viciado-em-voce-ouca","status":"publish","type":"post","link":"https:\/\/vitrinedafama.com.br\/index.php\/2022\/06\/10\/lucas-pretti-inicia-nova-era-com-viciado-em-voce-ouca\/","title":{"rendered":"Lucas Pretti inicia nova era com &#8220;Viciado em Voc\u00ea&#8221;; ou\u00e7a"},"content":{"rendered":"\n<p class=\"wp-block-paragraph\">O cantor e compositor mineiro<strong> Lucas Pretti<\/strong>, um dos artistas com maior destaque da nova cena pop brasileira, lan\u00e7ou nesta quinta-feira (09) o single \u201c<strong>Viciado em Voc\u00ea\u201d. <\/strong>A faixa est\u00e1 dispon\u00edvel <a href=\"https:\/\/ditto.fm\/viciado-em-voce-lucas-pretti\" target=\"_blank\" rel=\"noreferrer noopener\">em todas as plataformas digitais<\/a>.&nbsp;<\/p>\n\n\n\n<p class=\"wp-block-paragraph\">Escrita por Lucas, a can\u00e7\u00e3o fala sobre uma desilus\u00e3o amorosa do cantor. \u201cEu estava come\u00e7ando a me apaixonar por uma pessoa que acabou se tornando uma desilus\u00e3o amorosa. Desde o in\u00edcio, eu j\u00e1 estava sentindo que ia dar errado e deu mesmo (risos)\u201d, conta o cantor.&nbsp;<\/p>\n\n\n\n<p class=\"wp-block-paragraph\">O artista relembra que tudo estava indo muito r\u00e1pido e ele estava realmente \u201cviciado\u201d na pessoa, pois tudo que importava era ela. \u201cEu sabia que tinha que dar uns vinte passos para tr\u00e1s, mas n\u00e3o dei. Essa m\u00fasica \u00e9 como se fosse um aviso para aqueles que ignoram todos os sinais de que algo pode dar errado e continua naquele \u2018e se desse certo? vai que\u2019\u201d, completa Lucas.&nbsp;<\/p>\n\n\n\n<p class=\"wp-block-paragraph\">O videoclipe de <strong>&#8220;Viciado em Voc\u00ea&#8221;<\/strong>, que ser\u00e1 lan\u00e7ado na pr\u00f3xima <strong>segunda-feira (13)<\/strong>, foi gravado em S\u00e3o Paulo e conta com uma est\u00e9tica totalmente diferente de <a href=\"https:\/\/youtu.be\/6EAHNeHW6Ss\" target=\"_blank\" rel=\"noreferrer noopener\">\u201cTe Quiero\u201d<\/a> e <a href=\"https:\/\/youtu.be\/hHZXrhBSudE\" target=\"_blank\" rel=\"noreferrer noopener\">\u201cOi, Sumido\u201d<\/a>, \u00faltimos singles do cantor, que juntos j\u00e1 somam quase um milh\u00e3o de <em>views<\/em> apenas no YouTube. \u201cEstou muito ansioso para mostrar este material para o meu p\u00fablico, acho que todos ir\u00e3o gostar\u201d.&nbsp;<\/p>\n\n\n\n<p class=\"wp-block-paragraph\">Este \u00e9 o primeiro single da nova era de Lucas, que promete ser surpreendente. \u201cEu estou pensando nesta nova era h\u00e1 um ano e estou muito ansioso para o lan\u00e7amento de \u2018Viciado em Voc\u00ea\u2019, que \u00e9 a pe\u00e7a chave do quebra-cabe\u00e7a do que vem por a\u00ed.\u201d,&nbsp; finaliza Lucas.&nbsp;<\/p>\n\n\n\n<p class=\"wp-block-paragraph\">A chegada deste novo single sucede o lan\u00e7amento do \u00faltimo v\u00eddeo do <a href=\"https:\/\/www.youtube.com\/watch?v=WnJJUcY_NwE&amp;list=PL53oCgbG95IM75PrW5pZ_jD8LH8Y_uHSC\" target=\"_blank\" rel=\"noreferrer noopener\"><strong>\u201cSky Sessions\u201d<\/strong><\/a>, projeto de Lucas que reuniu diversos convidados em apresenta\u00e7\u00f5es com releituras in\u00e9ditas de alguns hits. Lan\u00e7ado em 17 de maio, o \u00faltimo v\u00eddeo desta primeira temporada foi feito em parceria com o cantor Jo\u00e3o Figueiredo.&nbsp;&nbsp;<\/p>\n","protected":false},"excerpt":{"rendered":"<p>O cantor e compositor mineiro Lucas Pretti, um dos artistas com maior destaque da nova cena pop brasileira, lan\u00e7ou nesta quinta-feira (09) o single [&hellip;]<\/p>\n","protected":false},"author":3,"featured_media":0,"comment_status":"open","ping_status":"open","sticky":false,"template":"","format":"standard","meta":{"footnotes":""},"categories":[6],"tags":[],"class_list":["post-1311","post","type-post","status-publish","format-standard","hentry","category-musica"],"_links":{"self":[{"href":"https:\/\/vitrinedafama.com.br\/index.php\/wp-json\/wp\/v2\/posts\/1311","targetHints":{"allow":["GET"]}}],"collection":[{"href":"https:\/\/vitrinedafama.com.br\/index.php\/wp-json\/wp\/v2\/posts"}],"about":[{"href":"https:\/\/vitrinedafama.com.br\/index.php\/wp-json\/wp\/v2\/types\/post"}],"author":[{"embeddable":true,"href":"https:\/\/vitrinedafama.com.br\/index.php\/wp-json\/wp\/v2\/users\/3"}],"replies":[{"embeddable":true,"href":"https:\/\/vitrinedafama.com.br\/index.php\/wp-json\/wp\/v2\/comments?post=1311"}],"version-history":[{"count":1,"href":"https:\/\/vitrinedafama.com.br\/index.php\/wp-json\/wp\/v2\/posts\/1311\/revisions"}],"predecessor-version":[{"id":1315,"href":"https:\/\/vitrinedafama.com.br\/index.php\/wp-json\/wp\/v2\/posts\/1311\/revisions\/1315"}],"wp:attachment":[{"href":"https:\/\/vitrinedafama.com.br\/index.php\/wp-json\/wp\/v2\/media?parent=1311"}],"wp:term":[{"taxonomy":"category","embeddable":true,"href":"https:\/\/vitrinedafama.com.br\/index.php\/wp-json\/wp\/v2\/categories?post=1311"},{"taxonomy":"post_tag","embeddable":true,"href":"https:\/\/vitrinedafama.com.br\/index.php\/wp-json\/wp\/v2\/tags?post=1311"}],"curies":[{"name":"wp","href":"https:\/\/api.w.org\/{rel}","templated":true}]}}